{"id":14325,"date":"2024-07-23T17:41:59","date_gmt":"2024-07-23T15:41:59","guid":{"rendered":"https:\/\/www.arctus.com\/?p=14325"},"modified":"2025-04-23T18:25:09","modified_gmt":"2025-04-23T16:25:09","slug":"ia-generative-travail-hybride","status":"publish","type":"post","link":"https:\/\/www.arctus.com\/fr\/ia-generative-travail-hybride\/","title":{"rendered":"AVEC L\u2019IA G\u00c9N\u00c9RATIVE, LE TRAVAIL S\u2019HYBRIDE TOUJOURS PLUS, DE NOUVEAUX D\u00c9FIS SONT \u00c0 RELEVER"},"content":{"rendered":"\t\t<div data-elementor-type=\"wp-post\" data-elementor-id=\"14325\" class=\"elementor elementor-14325\" data-elementor-post-type=\"post\">\n\t\t\t\t\t\t<section class=\"elementor-section elementor-top-section elementor-element elementor-element-12b49ab6 elementor-section-full_width mb-blog elementor-section-height-default elementor-section-height-default\" data-id=\"12b49ab6\" data-element_type=\"section\">\n\t\t\t\t\t\t<div class=\"elementor-container elementor-column-gap-no\">\n\t\t\t\t\t<div class=\"elementor-column elementor-col-16 elementor-top-column elementor-element elementor-element-52298613 elementor-hidden-mobile\" data-id=\"52298613\" data-element_type=\"column\" data-settings=\"{&quot;background_background&quot;:&quot;classic&quot;}\">\n\t\t\t<div class=\"elementor-widget-wrap\">\n\t\t\t\t\t\t\t<\/div>\n\t\t<\/div>\n\t\t\t\t<div class=\"elementor-column elementor-col-66 elementor-top-column elementor-element elementor-element-2a67d79a\" data-id=\"2a67d79a\" data-element_type=\"column\" data-settings=\"{&quot;background_background&quot;:&quot;classic&quot;}\">\n\t\t\t<div class=\"elementor-widget-wrap elementor-element-populated\">\n\t\t\t\t\t\t<section class=\"elementor-section elementor-inner-section elementor-element elementor-element-73e7af6b elementor-section-full_width elementor-section-height-default elementor-section-height-default\" data-id=\"73e7af6b\" data-element_type=\"section\">\n\t\t\t\t\t\t<div class=\"elementor-container elementor-column-gap-default\">\n\t\t\t\t\t<div class=\"elementor-column elementor-col-50 elementor-inner-column elementor-element elementor-element-618bdf51\" data-id=\"618bdf51\" data-element_type=\"column\">\n\t\t\t<div class=\"elementor-widget-wrap elementor-element-populated\">\n\t\t\t\t\t\t\t<\/div>\n\t\t<\/div>\n\t\t\t\t<div class=\"elementor-column elementor-col-50 elementor-inner-column elementor-element elementor-element-14d9c3e4\" data-id=\"14d9c3e4\" data-element_type=\"column\">\n\t\t\t<div class=\"elementor-widget-wrap elementor-element-populated\">\n\t\t\t\t\t\t<div class=\"elementor-element elementor-element-7a0d511 elementor-widget__width-auto elementor-view-default elementor-widget elementor-widget-icon\" data-id=\"7a0d511\" data-element_type=\"widget\" data-widget_type=\"icon.default\">\n\t\t\t\t<div class=\"elementor-widget-container\">\n\t\t\t\t\t\t\t<div class=\"elementor-icon-wrapper\">\n\t\t\t<div class=\"elementor-icon\">\n\t\t\t<i aria-hidden=\"true\" class=\"far fa-clock\"><\/i>\t\t\t<\/div>\n\t\t<\/div>\n\t\t\t\t\t\t<\/div>\n\t\t\t\t<\/div>\n\t\t\t\t<div class=\"elementor-element elementor-element-b3b6f09 elementor-widget__width-initial elementor-widget elementor-widget-shortcode\" data-id=\"b3b6f09\" data-element_type=\"widget\" data-widget_type=\"shortcode.default\">\n\t\t\t\t<div class=\"elementor-widget-container\">\n\t\t\t\t\t\t\t<div class=\"elementor-shortcode\"><span class=\"span-reading-time rt-reading-time\"><span class=\"rt-label rt-prefix\">Temps de lecture :<\/span> <span class=\"rt-time\"> 4<\/span> <span class=\"rt-label rt-postfix\">minutes<\/span><\/span><\/div>\n\t\t\t\t\t\t<\/div>\n\t\t\t\t<\/div>\n\t\t\t\t\t<\/div>\n\t\t<\/div>\n\t\t\t\t\t<\/div>\n\t\t<\/section>\n\t\t\t\t<section class=\"elementor-section elementor-inner-section elementor-element elementor-element-100b5721 elementor-section-full_width elementor-section-height-default elementor-section-height-default\" data-id=\"100b5721\" data-element_type=\"section\">\n\t\t\t\t\t\t<div class=\"elementor-container elementor-column-gap-default\">\n\t\t\t\t\t<div class=\"elementor-column elementor-col-50 elementor-inner-column elementor-element elementor-element-3c9c1398\" data-id=\"3c9c1398\" data-element_type=\"column\">\n\t\t\t<div class=\"elementor-widget-wrap elementor-element-populated\">\n\t\t\t\t\t\t<div class=\"elementor-element elementor-element-78b4a150 elementor-widget-divider--view-line elementor-widget elementor-widget-divider\" data-id=\"78b4a150\" data-element_type=\"widget\" data-widget_type=\"divider.default\">\n\t\t\t\t<div class=\"elementor-widget-container\">\n\t\t\t\t\t\t\t<div class=\"elementor-divider\">\n\t\t\t<span class=\"elementor-divider-separator\">\n\t\t\t\t\t\t<\/span>\n\t\t<\/div>\n\t\t\t\t\t\t<\/div>\n\t\t\t\t<\/div>\n\t\t\t\t\t<\/div>\n\t\t<\/div>\n\t\t\t\t<div class=\"elementor-column elementor-col-50 elementor-inner-column elementor-element elementor-element-1ac02672\" data-id=\"1ac02672\" data-element_type=\"column\">\n\t\t\t<div class=\"elementor-widget-wrap elementor-element-populated\">\n\t\t\t\t\t\t<div class=\"elementor-element elementor-element-6d4adc05 elementor-widget elementor-widget-heading\" data-id=\"6d4adc05\" data-element_type=\"widget\" data-widget_type=\"heading.default\">\n\t\t\t\t<div class=\"elementor-widget-container\">\n\t\t\t\t\t<h1 class=\"elementor-heading-title elementor-size-default\">AVEC L\u2019IA G\u00c9N\u00c9RATIVE, LE TRAVAIL S\u2019HYBRIDE TOUJOURS PLUS, DE NOUVEAUX D\u00c9FIS SONT \u00c0 RELEVER<\/h1>\t\t\t\t<\/div>\n\t\t\t\t<\/div>\n\t\t\t\t\t<\/div>\n\t\t<\/div>\n\t\t\t\t\t<\/div>\n\t\t<\/section>\n\t\t\t\t<section class=\"elementor-section elementor-inner-section elementor-element elementor-element-6572ff0d elementor-reverse-tablet_extra elementor-reverse-tablet elementor-reverse-mobile elementor-section-full_width elementor-section-height-default elementor-section-height-default\" data-id=\"6572ff0d\" data-element_type=\"section\">\n\t\t\t\t\t\t<div class=\"elementor-container elementor-column-gap-default\">\n\t\t\t\t\t<div class=\"elementor-column elementor-col-100 elementor-inner-column elementor-element elementor-element-58e134db\" data-id=\"58e134db\" data-element_type=\"column\">\n\t\t\t<div class=\"elementor-widget-wrap elementor-element-populated\">\n\t\t\t\t\t\t<div class=\"elementor-element elementor-element-1c58402 elementor-author-box--layout-image-left elementor-author-box--align-left elementor-author-box--image-valign-top elementor-widget elementor-widget-author-box\" data-id=\"1c58402\" data-element_type=\"widget\" data-widget_type=\"author-box.default\">\n\t\t\t\t<div class=\"elementor-widget-container\">\n\t\t\t\t\t\t\t<div class=\"elementor-author-box\">\n\t\t\t\t\t\t\t<div  class=\"elementor-author-box__avatar\">\n\t\t\t\t\t<img decoding=\"async\" src=\"https:\/\/www.arctus.com\/wp-content\/uploads\/2022\/07\/Isabelle-R-300x300.png\" alt=\"Image de Isabelle Reyre\" loading=\"lazy\">\n\t\t\t\t<\/div>\n\t\t\t\n\t\t\t<div class=\"elementor-author-box__text\">\n\t\t\t\t\t\t\t\t\t<div >\n\t\t\t\t\t\t<span class=\"elementor-author-box__name\">\n\t\t\t\t\t\t\tIsabelle Reyre\t\t\t\t\t\t<\/span>\n\t\t\t\t\t<\/div>\n\t\t\t\t\n\t\t\t\t\t\t\t\t\t<div class=\"elementor-author-box__bio\">\n\t\t\t\t\t\t<p>23 juillet 2024<\/p>\n\t\t\t\t\t<\/div>\n\t\t\t\t\n\t\t\t\t\t\t\t<\/div>\n\t\t<\/div>\n\t\t\t\t\t\t<\/div>\n\t\t\t\t<\/div>\n\t\t\t\t<div class=\"elementor-element elementor-element-9e5a289 elementor-widget elementor-widget-theme-post-featured-image elementor-widget-image\" data-id=\"9e5a289\" data-element_type=\"widget\" data-widget_type=\"theme-post-featured-image.default\">\n\t\t\t\t<div class=\"elementor-widget-container\">\n\t\t\t\t\t\t\t\t\t\t\t\t\t\t\t<img loading=\"lazy\" decoding=\"async\" width=\"2560\" height=\"1439\" src=\"https:\/\/www.arctus.com\/wp-content\/uploads\/2024\/07\/2h-media-hYjeZsxGQb0-unsplash-scaled.jpg\" class=\"attachment-full size-full wp-image-14379\" alt=\"IA g\u00e9n\u00e9rative travail hybride ordinateur r\u00e9union bureau\" srcset=\"https:\/\/www.arctus.com\/wp-content\/uploads\/2024\/07\/2h-media-hYjeZsxGQb0-unsplash-scaled.jpg 2560w, https:\/\/www.arctus.com\/wp-content\/uploads\/2024\/07\/2h-media-hYjeZsxGQb0-unsplash-300x169.jpg 300w, https:\/\/www.arctus.com\/wp-content\/uploads\/2024\/07\/2h-media-hYjeZsxGQb0-unsplash-1024x576.jpg 1024w, https:\/\/www.arctus.com\/wp-content\/uploads\/2024\/07\/2h-media-hYjeZsxGQb0-unsplash-768x432.jpg 768w, https:\/\/www.arctus.com\/wp-content\/uploads\/2024\/07\/2h-media-hYjeZsxGQb0-unsplash-1536x864.jpg 1536w, https:\/\/www.arctus.com\/wp-content\/uploads\/2024\/07\/2h-media-hYjeZsxGQb0-unsplash-2048x1152.jpg 2048w, https:\/\/www.arctus.com\/wp-content\/uploads\/2024\/07\/2h-media-hYjeZsxGQb0-unsplash-18x10.jpg 18w\" sizes=\"(max-width: 2560px) 100vw, 2560px\" \/>\t\t\t\t\t\t\t\t\t\t\t\t\t\t\t<\/div>\n\t\t\t\t<\/div>\n\t\t\t\t\t<\/div>\n\t\t<\/div>\n\t\t\t\t\t<\/div>\n\t\t<\/section>\n\t\t\t\t\t<\/div>\n\t\t<\/div>\n\t\t\t\t<div class=\"elementor-column elementor-col-16 elementor-top-column elementor-element elementor-element-26f8b9df elementor-hidden-mobile\" data-id=\"26f8b9df\" data-element_type=\"column\" data-settings=\"{&quot;background_background&quot;:&quot;classic&quot;}\">\n\t\t\t<div class=\"elementor-widget-wrap\">\n\t\t\t\t\t\t\t<\/div>\n\t\t<\/div>\n\t\t\t\t\t<\/div>\n\t\t<\/section>\n\t\t\t\t<section class=\"elementor-section elementor-top-section elementor-element elementor-element-2a87ba5b elementor-section-full_width mb-blog elementor-section-height-default elementor-section-height-default\" data-id=\"2a87ba5b\" data-element_type=\"section\">\n\t\t\t\t\t\t<div class=\"elementor-container elementor-column-gap-no\">\n\t\t\t\t\t<div class=\"elementor-column elementor-col-16 elementor-top-column elementor-element elementor-element-513fbd5c elementor-hidden-mobile\" data-id=\"513fbd5c\" data-element_type=\"column\" data-settings=\"{&quot;background_background&quot;:&quot;classic&quot;}\">\n\t\t\t<div class=\"elementor-widget-wrap\">\n\t\t\t\t\t\t\t<\/div>\n\t\t<\/div>\n\t\t\t\t<div class=\"elementor-column elementor-col-66 elementor-top-column elementor-element elementor-element-73ba29bd\" data-id=\"73ba29bd\" data-element_type=\"column\" data-settings=\"{&quot;background_background&quot;:&quot;classic&quot;}\">\n\t\t\t<div class=\"elementor-widget-wrap elementor-element-populated\">\n\t\t\t\t\t\t<div class=\"elementor-element elementor-element-37a69373 elementor-widget elementor-widget-text-editor\" data-id=\"37a69373\" data-element_type=\"widget\" data-widget_type=\"text-editor.default\">\n\t\t\t\t<div class=\"elementor-widget-container\">\n\t\t\t\t\t\t\t\t\t<p>Arctus publie pour la deuxi\u00e8me ann\u00e9e son observatoire du travail hybride &amp; augment\u00e9.\u00a0<\/p><p>Deux objectifs principaux sont vis\u00e9s par cette \u00e9tude : mesurer l\u2019adaptation des organisations \u00e0 l\u2019hybridation du travail et capter les signaux qui porteront le changement des entreprises dans les prochaines ann\u00e9es<\/p><p>Pour enrichir ces r\u00e9sultats, plusieurs experts ont \u00e9t\u00e9 convi\u00e9s lors de webinars, croisant ainsi les r\u00e9sultats de l\u2019Observatoire du New Normal au travail, l\u2019illustration de l\u2019hybridation du travail chez Kaliop, une ESN aux pratiques innovantes, compl\u00e9t\u00e9 par des \u00e9l\u00e9ments de r\u00e9flexion de Fr\u00e9d\u00e9ric Josu\u00e9, prospectiviste.<\/p><p>Voici quelques enseignements issus du terrain et de nos experts<\/p>\t\t\t\t\t\t\t\t<\/div>\n\t\t\t\t<\/div>\n\t\t\t\t<section class=\"elementor-section elementor-inner-section elementor-element elementor-element-1e15a51e elementor-section-full_width elementor-section-height-default elementor-section-height-default\" data-id=\"1e15a51e\" data-element_type=\"section\">\n\t\t\t\t\t\t<div class=\"elementor-container elementor-column-gap-default\">\n\t\t\t\t\t<div class=\"elementor-column elementor-col-50 elementor-inner-column elementor-element elementor-element-7462b565\" data-id=\"7462b565\" data-element_type=\"column\">\n\t\t\t<div class=\"elementor-widget-wrap elementor-element-populated\">\n\t\t\t\t\t\t<div class=\"elementor-element elementor-element-32e635e3 elementor-widget-divider--view-line elementor-widget elementor-widget-divider\" data-id=\"32e635e3\" data-element_type=\"widget\" data-widget_type=\"divider.default\">\n\t\t\t\t<div class=\"elementor-widget-container\">\n\t\t\t\t\t\t\t<div class=\"elementor-divider\">\n\t\t\t<span class=\"elementor-divider-separator\">\n\t\t\t\t\t\t<\/span>\n\t\t<\/div>\n\t\t\t\t\t\t<\/div>\n\t\t\t\t<\/div>\n\t\t\t\t\t<\/div>\n\t\t<\/div>\n\t\t\t\t<div class=\"elementor-column elementor-col-50 elementor-inner-column elementor-element elementor-element-3de2afba\" data-id=\"3de2afba\" data-element_type=\"column\">\n\t\t\t<div class=\"elementor-widget-wrap elementor-element-populated\">\n\t\t\t\t\t\t<div class=\"elementor-element elementor-element-23fed25e elementor-widget elementor-widget-heading\" data-id=\"23fed25e\" data-element_type=\"widget\" data-widget_type=\"heading.default\">\n\t\t\t\t<div class=\"elementor-widget-container\">\n\t\t\t\t\t<h2 class=\"elementor-heading-title elementor-size-default\">Pas de retour en arri\u00e8re sur le t\u00e9l\u00e9travail<\/h2>\t\t\t\t<\/div>\n\t\t\t\t<\/div>\n\t\t\t\t\t<\/div>\n\t\t<\/div>\n\t\t\t\t\t<\/div>\n\t\t<\/section>\n\t\t\t\t<div class=\"elementor-element elementor-element-2d400c21 elementor-widget elementor-widget-text-editor\" data-id=\"2d400c21\" data-element_type=\"widget\" data-widget_type=\"text-editor.default\">\n\t\t\t\t<div class=\"elementor-widget-container\">\n\t\t\t\t\t\t\t\t\t<p>En 2024, on note une <strong>augmentation de la pratique du t\u00e9l\u00e9travail<\/strong> avec une croissance du nombre de personnes d\u00e9clarant t\u00e9l\u00e9travailler au moins un jour par semaine.<\/p><p>Pour Aur\u00e9lie Dud\u00e9zert, de l\u2019Observatoire du New Normal au Travail,<strong> le cadre du t\u00e9l\u00e9travail n\u2019est pourtant pas clair<\/strong>, quand bien m\u00eame des accords de t\u00e9l\u00e9travail sont n\u00e9goci\u00e9s. Se pose toujours la question de savoir <strong>comment on travaille vraiment \u00e0 distance<\/strong>. Ce commentaire rappelle que beaucoup de managers ont <strong>transpos\u00e9 leurs habitudes de collaboration sans envisager de les revoir<\/strong>.<\/p><p>Certaines entreprises, dont Kaliop, ont proc\u00e9d\u00e9 \u00e0 une <strong>mise \u00e0 jour de la charte du t\u00e9l\u00e9travail<\/strong> mise en place lors de la pand\u00e9mie. La charte a \u00e9t\u00e9 revue et r\u00e9\u00e9crite de mani\u00e8re collaborative avec pour objectif, \u00e0 la fois de gagner en qualit\u00e9 de vie pour les collaborateurs et permettre \u00e0 l\u2019entreprise d\u2019en tirer parti.<\/p><p>On ne reviendra pas en arri\u00e8re en mati\u00e8re de t\u00e9l\u00e9travail mais il est important de clarifier et red\u00e9finir les interactions du travail dans ce cadre hybride.<\/p>\t\t\t\t\t\t\t\t<\/div>\n\t\t\t\t<\/div>\n\t\t\t\t<section class=\"elementor-section elementor-inner-section elementor-element elementor-element-1bb8287a elementor-section-full_width elementor-section-height-default elementor-section-height-default\" data-id=\"1bb8287a\" data-element_type=\"section\">\n\t\t\t\t\t\t<div class=\"elementor-container elementor-column-gap-default\">\n\t\t\t\t\t<div class=\"elementor-column elementor-col-50 elementor-inner-column elementor-element elementor-element-abb0ade\" data-id=\"abb0ade\" data-element_type=\"column\">\n\t\t\t<div class=\"elementor-widget-wrap elementor-element-populated\">\n\t\t\t\t\t\t<div class=\"elementor-element elementor-element-533cc9d5 elementor-widget-divider--view-line elementor-widget elementor-widget-divider\" data-id=\"533cc9d5\" data-element_type=\"widget\" data-widget_type=\"divider.default\">\n\t\t\t\t<div class=\"elementor-widget-container\">\n\t\t\t\t\t\t\t<div class=\"elementor-divider\">\n\t\t\t<span class=\"elementor-divider-separator\">\n\t\t\t\t\t\t<\/span>\n\t\t<\/div>\n\t\t\t\t\t\t<\/div>\n\t\t\t\t<\/div>\n\t\t\t\t\t<\/div>\n\t\t<\/div>\n\t\t\t\t<div class=\"elementor-column elementor-col-50 elementor-inner-column elementor-element elementor-element-b3e49b6\" data-id=\"b3e49b6\" data-element_type=\"column\">\n\t\t\t<div class=\"elementor-widget-wrap elementor-element-populated\">\n\t\t\t\t\t\t<div class=\"elementor-element elementor-element-6a3bb2c1 elementor-widget elementor-widget-heading\" data-id=\"6a3bb2c1\" data-element_type=\"widget\" data-widget_type=\"heading.default\">\n\t\t\t\t<div class=\"elementor-widget-container\">\n\t\t\t\t\t<h2 class=\"elementor-heading-title elementor-size-default\">Les d\u00e9fis du travail hybride : collaboration et onboarding<\/h2>\t\t\t\t<\/div>\n\t\t\t\t<\/div>\n\t\t\t\t\t<\/div>\n\t\t<\/div>\n\t\t\t\t\t<\/div>\n\t\t<\/section>\n\t\t\t\t<div class=\"elementor-element elementor-element-5c2378a1 elementor-widget elementor-widget-text-editor\" data-id=\"5c2378a1\" data-element_type=\"widget\" data-widget_type=\"text-editor.default\">\n\t\t\t\t<div class=\"elementor-widget-container\">\n\t\t\t\t\t\t\t\t\t<p>Si la <strong>perte de la coh\u00e9sion de l\u2019\u00e9quipe<\/strong> est le premier risque associ\u00e9 au travail hybride, la <strong>limitation des interactions spontan\u00e9es<\/strong> est ensuite \u00e9voqu\u00e9e, suivie par la <strong>difficult\u00e9 de l\u2019int\u00e9gration des nouveaux arrivants<\/strong>, selon les r\u00e9sultats de l\u2019Observatoire du travail hybride.<\/p>\t\t\t\t\t\t\t\t<\/div>\n\t\t\t\t<\/div>\n\t\t<div class=\"elementor-element elementor-element-2dc017cc e-flex e-con-boxed e-con e-parent\" data-id=\"2dc017cc\" data-element_type=\"container\">\n\t\t\t\t\t<div class=\"e-con-inner\">\n\t\t<div class=\"elementor-element elementor-element-4367f8f7 e-flex e-con-boxed e-con e-child\" data-id=\"4367f8f7\" data-element_type=\"container\" data-settings=\"{&quot;background_background&quot;:&quot;classic&quot;}\">\n\t\t\t\t\t<div class=\"e-con-inner\">\n\t\t\t\t\t<\/div>\n\t\t\t\t<\/div>\n\t\t<div class=\"elementor-element elementor-element-492e94b3 e-flex e-con-boxed e-con e-child\" data-id=\"492e94b3\" data-element_type=\"container\">\n\t\t\t\t\t<div class=\"e-con-inner\">\n\t\t\t\t<div class=\"elementor-element elementor-element-590af1e1 elementor-widget elementor-widget-text-editor\" data-id=\"590af1e1\" data-element_type=\"widget\" data-widget_type=\"text-editor.default\">\n\t\t\t\t<div class=\"elementor-widget-container\">\n\t\t\t\t\t\t\t\t\t<p>Preuve de l\u2019importance du pr\u00e9sentiel et de la n\u00e9cessit\u00e9 des interaction IRL (In Real Life), chez Kaliop au moment de l\u2019onboarding on vient pendant 3 mois au moins 4 jours par semaine pour <strong>s\u2019impr\u00e9gner de la culture de l\u2019entreprise et rencontrer l\u2019ensemble des collaborateurs<\/strong> avant \u00e9ventuellement de travailler \u00e0 distance plus fr\u00e9quemment. S\u2019il en \u00e9tait besoin, c&rsquo;est une confirmation suppl\u00e9mentaire que ce qui s\u2019\u00e9change et se partage au bureau \u00ab en vrai \u00bb n\u2019est jamais transmissible \u00e0 distance. Le t\u00e9l\u00e9travail est une condition sine qua non pour de nombreux salari\u00e9s et notamment des jeunes. Les nouveaux entrants devraient s\u2019assurer qu\u2019une r\u00e9flexion organis\u00e9e du travail hybride est mise en place dans les entreprises qu\u2019ils envisagent de rejoindre.<\/p>\t\t\t\t\t\t\t\t<\/div>\n\t\t\t\t<\/div>\n\t\t\t\t\t<\/div>\n\t\t\t\t<\/div>\n\t\t\t\t\t<\/div>\n\t\t\t\t<\/div>\n\t\t\t\t<div class=\"elementor-element elementor-element-7e96c0e6 elementor-widget elementor-widget-text-editor\" data-id=\"7e96c0e6\" data-element_type=\"widget\" data-widget_type=\"text-editor.default\">\n\t\t\t\t<div class=\"elementor-widget-container\">\n\t\t\t\t\t\t\t\t\t<p>Fr\u00e9d\u00e9ric Josu\u00e9 se projette et indique \u00e0 terme, l\u2019<strong>av\u00e8nement de technologies de tr\u00e8s haut d\u00e9bit<\/strong> telles que la 6G et le spatial computing qui vont permettre de <strong>r\u00e9unifier les espaces physiques et virtuels gr\u00e2ce \u00e0 la r\u00e9alit\u00e9 augment\u00e9e<\/strong> (sans besoin de casques).<\/p><p>L\u2019entreprise et ses espaces seront projet\u00e9s dans un lieu dans lequel le salari\u00e9 sera immerg\u00e9. Ce dernier aura le sentiment d\u2019\u00eatre pleinement engag\u00e9 dans cet espace de travail collaboratif, avec ce que l\u2019on appelle la suspension consentie de l\u2019incr\u00e9dulit\u00e9.<\/p>\t\t\t\t\t\t\t\t<\/div>\n\t\t\t\t<\/div>\n\t\t\t\t<section class=\"elementor-section elementor-inner-section elementor-element elementor-element-6050c40c elementor-section-full_width elementor-section-height-default elementor-section-height-default\" data-id=\"6050c40c\" data-element_type=\"section\">\n\t\t\t\t\t\t<div class=\"elementor-container elementor-column-gap-default\">\n\t\t\t\t\t<div class=\"elementor-column elementor-col-50 elementor-inner-column elementor-element elementor-element-5ad85b72\" data-id=\"5ad85b72\" data-element_type=\"column\">\n\t\t\t<div class=\"elementor-widget-wrap elementor-element-populated\">\n\t\t\t\t\t\t<div class=\"elementor-element elementor-element-221b2b46 elementor-widget-divider--view-line elementor-widget elementor-widget-divider\" data-id=\"221b2b46\" data-element_type=\"widget\" data-widget_type=\"divider.default\">\n\t\t\t\t<div class=\"elementor-widget-container\">\n\t\t\t\t\t\t\t<div class=\"elementor-divider\">\n\t\t\t<span class=\"elementor-divider-separator\">\n\t\t\t\t\t\t<\/span>\n\t\t<\/div>\n\t\t\t\t\t\t<\/div>\n\t\t\t\t<\/div>\n\t\t\t\t\t<\/div>\n\t\t<\/div>\n\t\t\t\t<div class=\"elementor-column elementor-col-50 elementor-inner-column elementor-element elementor-element-66f3d75a\" data-id=\"66f3d75a\" data-element_type=\"column\">\n\t\t\t<div class=\"elementor-widget-wrap elementor-element-populated\">\n\t\t\t\t\t\t<div class=\"elementor-element elementor-element-4815c780 elementor-widget elementor-widget-heading\" data-id=\"4815c780\" data-element_type=\"widget\" data-widget_type=\"heading.default\">\n\t\t\t\t<div class=\"elementor-widget-container\">\n\t\t\t\t\t<h2 class=\"elementor-heading-title elementor-size-default\">Les conditions techniques du travail hybride sont en place<\/h2>\t\t\t\t<\/div>\n\t\t\t\t<\/div>\n\t\t\t\t\t<\/div>\n\t\t<\/div>\n\t\t\t\t\t<\/div>\n\t\t<\/section>\n\t\t\t\t<div class=\"elementor-element elementor-element-8f145e7 elementor-widget elementor-widget-text-editor\" data-id=\"8f145e7\" data-element_type=\"widget\" data-widget_type=\"text-editor.default\">\n\t\t\t\t<div class=\"elementor-widget-container\">\n\t\t\t\t\t\t\t\t\t<p>Les r\u00e9pondants \u00e0 l\u2019observatoire, globalement <strong>satisfaits des conditions techniques du travail<\/strong> propos\u00e9es par leur employeur (83% de r\u00e9pondants satisfaits ou tr\u00e8s satisfaits), utilisent, par ordre d\u00e9croissant, des solutions de visioconf\u00e9rence, des espaces collaboratifs et des outils de gestion documentaire, ex aequo suivi par l\u2019intranet.<\/p>\t\t\t\t\t\t\t\t<\/div>\n\t\t\t\t<\/div>\n\t\t<div class=\"elementor-element elementor-element-c610690 e-flex e-con-boxed e-con e-parent\" data-id=\"c610690\" data-element_type=\"container\">\n\t\t\t\t\t<div class=\"e-con-inner\">\n\t\t<div class=\"elementor-element elementor-element-0628114 e-flex e-con-boxed e-con e-child\" data-id=\"0628114\" data-element_type=\"container\">\n\t\t\t\t\t<div class=\"e-con-inner\">\n\t\t\t\t<div class=\"elementor-element elementor-element-d6a2fd6 elementor-widget elementor-widget-text-editor\" data-id=\"d6a2fd6\" data-element_type=\"widget\" data-widget_type=\"text-editor.default\">\n\t\t\t\t<div class=\"elementor-widget-container\">\n\t\t\t\t\t\t\t\t\t<p>Chez Kaliop on s\u2019assure que les <strong>conditions de travail au domicile sont optimis\u00e9es<\/strong> : 2 \u00e9crans pour les d\u00e9veloppeurs sont propos\u00e9s et un \u00e9cran pour les autres populations. Des casques sont \u00e9galement fournis, compl\u00e9t\u00e9 par une participation mensuelle aux frais. Enfin, les lieux de travail dans les bureaux ont \u00e9t\u00e9 am\u00e9nag\u00e9s pour tenir compte du passage en flex office sans r\u00e9duire le nombre de places et en tenant compte du fait que le t\u00e9l\u00e9travail continue notamment avec les clients, ce qui justifie l\u2019<strong>am\u00e9nagement des locaux<\/strong> pour permettre des interactions individuelles vers l\u2019ext\u00e9rieur (phone box) ou \u00e0 plusieurs pour des chantiers collectifs.<\/p>\t\t\t\t\t\t\t\t<\/div>\n\t\t\t\t<\/div>\n\t\t\t\t\t<\/div>\n\t\t\t\t<\/div>\n\t\t<div class=\"elementor-element elementor-element-6715fd2 e-flex e-con-boxed e-con e-child\" data-id=\"6715fd2\" data-element_type=\"container\" data-settings=\"{&quot;background_background&quot;:&quot;classic&quot;}\">\n\t\t\t\t\t<div class=\"e-con-inner\">\n\t\t\t\t\t<\/div>\n\t\t\t\t<\/div>\n\t\t\t\t\t<\/div>\n\t\t\t\t<\/div>\n\t\t\t\t<div class=\"elementor-element elementor-element-1186649 elementor-widget elementor-widget-text-editor\" data-id=\"1186649\" data-element_type=\"widget\" data-widget_type=\"text-editor.default\">\n\t\t\t\t<div class=\"elementor-widget-container\">\n\t\t\t\t\t\t\t\t\t<p>Fr\u00e9d\u00e9ric Josu\u00e9 se projette et indique \u00e0 terme, l\u2019<strong>av\u00e8nement de technologies de tr\u00e8s haut d\u00e9bit<\/strong> telles que la 6G et le spatial computing qui vont permettre de <strong>r\u00e9unifier les espaces physiques et virtuels gr\u00e2ce \u00e0 la r\u00e9alit\u00e9 augment\u00e9e<\/strong> (sans besoin de casques).<\/p><p>L\u2019entreprise et ses espaces seront projet\u00e9s dans un lieu dans lequel le salari\u00e9 sera immerg\u00e9. Ce dernier aura le sentiment d\u2019\u00eatre pleinement engag\u00e9 dans cet espace de travail collaboratif, avec ce que l\u2019on appelle la suspension consentie de l\u2019incr\u00e9dulit\u00e9.<\/p>\t\t\t\t\t\t\t\t<\/div>\n\t\t\t\t<\/div>\n\t\t\t\t<section class=\"elementor-section elementor-inner-section elementor-element elementor-element-0515d3d elementor-section-full_width elementor-section-height-default elementor-section-height-default\" data-id=\"0515d3d\" data-element_type=\"section\">\n\t\t\t\t\t\t<div class=\"elementor-container elementor-column-gap-default\">\n\t\t\t\t\t<div class=\"elementor-column elementor-col-50 elementor-inner-column elementor-element elementor-element-d4ea9a3\" data-id=\"d4ea9a3\" data-element_type=\"column\">\n\t\t\t<div class=\"elementor-widget-wrap elementor-element-populated\">\n\t\t\t\t\t\t<div class=\"elementor-element elementor-element-602c816 elementor-widget-divider--view-line elementor-widget elementor-widget-divider\" data-id=\"602c816\" data-element_type=\"widget\" data-widget_type=\"divider.default\">\n\t\t\t\t<div class=\"elementor-widget-container\">\n\t\t\t\t\t\t\t<div class=\"elementor-divider\">\n\t\t\t<span class=\"elementor-divider-separator\">\n\t\t\t\t\t\t<\/span>\n\t\t<\/div>\n\t\t\t\t\t\t<\/div>\n\t\t\t\t<\/div>\n\t\t\t\t\t<\/div>\n\t\t<\/div>\n\t\t\t\t<div class=\"elementor-column elementor-col-50 elementor-inner-column elementor-element elementor-element-01f9a16\" data-id=\"01f9a16\" data-element_type=\"column\">\n\t\t\t<div class=\"elementor-widget-wrap elementor-element-populated\">\n\t\t\t\t\t\t<div class=\"elementor-element elementor-element-6681dc0 elementor-widget elementor-widget-heading\" data-id=\"6681dc0\" data-element_type=\"widget\" data-widget_type=\"heading.default\">\n\t\t\t\t<div class=\"elementor-widget-container\">\n\t\t\t\t\t<h2 class=\"elementor-heading-title elementor-size-default\">L\u2019IA g\u00e9n\u00e9rative dans le travail hybride<\/h2>\t\t\t\t<\/div>\n\t\t\t\t<\/div>\n\t\t\t\t\t<\/div>\n\t\t<\/div>\n\t\t\t\t\t<\/div>\n\t\t<\/section>\n\t\t\t\t<div class=\"elementor-element elementor-element-482ffd4 elementor-widget elementor-widget-text-editor\" data-id=\"482ffd4\" data-element_type=\"widget\" data-widget_type=\"text-editor.default\">\n\t\t\t\t<div class=\"elementor-widget-container\">\n\t\t\t\t\t\t\t\t\t<p>\u00c0 n\u2019en pas douter, <strong>l\u2019IA g\u00e9n\u00e9rative conf\u00e8re une nouvelle dimension au travail hybride<\/strong>.<\/p><p>L\u2019enrichissement de la bo\u00eete \u00e0 outils du salari\u00e9 se d\u00e9ploie d\u2019abord avec le recours plus syst\u00e9matique au <strong>moteur de recherche \u00e9tendu (RAG)<\/strong>, suivi de la <strong>traduction<\/strong>, puis de l\u2019<strong>assistant bureautique<\/strong> (ex : Copilot) et enfin la <strong>production de texte, d\u2019image et de vid\u00e9o<\/strong>.<\/p><p>Facilement accessible, les solutions d\u2019IA g\u00e9n\u00e9rative sont <strong>utilis\u00e9es par 70%<\/strong> des r\u00e9pondants alors que <strong>seules 30% des entreprises indiquent un usage d\u00e9ploy\u00e9 en interne<\/strong>. Ce shadow IT d\u00e9note que <strong>les salari\u00e9s veulent une solution \u00e0 leur probl\u00e8me de productivit\u00e9<\/strong>. Les salari\u00e9s craignent aussi l\u2019impact de cette technologie sur leur travail et l\u2019on voit que <strong>les DG tardent \u00e0 r\u00e9fl\u00e9chir \u00e0 son impact sur le travail<\/strong> nous dit Aur\u00e9lie Dud\u00e9zert.<\/p>\t\t\t\t\t\t\t\t<\/div>\n\t\t\t\t<\/div>\n\t\t<div class=\"elementor-element elementor-element-205689a e-flex e-con-boxed e-con e-parent\" data-id=\"205689a\" data-element_type=\"container\">\n\t\t\t\t\t<div class=\"e-con-inner\">\n\t\t<div class=\"elementor-element elementor-element-bac2f7f e-flex e-con-boxed e-con e-child\" data-id=\"bac2f7f\" data-element_type=\"container\" data-settings=\"{&quot;background_background&quot;:&quot;classic&quot;}\">\n\t\t\t\t\t<div class=\"e-con-inner\">\n\t\t\t\t\t<\/div>\n\t\t\t\t<\/div>\n\t\t<div class=\"elementor-element elementor-element-f21cbeb e-flex e-con-boxed e-con e-child\" data-id=\"f21cbeb\" data-element_type=\"container\">\n\t\t\t\t\t<div class=\"e-con-inner\">\n\t\t\t\t<div class=\"elementor-element elementor-element-b34bb8c elementor-widget elementor-widget-text-editor\" data-id=\"b34bb8c\" data-element_type=\"widget\" data-widget_type=\"text-editor.default\">\n\t\t\t\t<div class=\"elementor-widget-container\">\n\t\t\t\t\t\t\t\t\t<p>Enfin si ces outils favorisent le d\u00e9ploiement de l&rsquo;autonomie des salari\u00e9s et pourraient entra\u00eener une possible hausse de la productivit\u00e9, ils devraient avoir un <strong>co\u00fbt important pour les entreprises<\/strong>, en termes de <strong>formation<\/strong>, de <strong>co\u00fbts fixes<\/strong> et d\u2019<strong>impact environnemental<\/strong> rappelle Fr\u00e9d\u00e9ric Josu\u00e9.<\/p><p>On le voit,<strong> de nouveaux d\u00e9fis sont \u00e0 relever<\/strong> pour les entreprises qu\u2019il s\u2019agisse de management, de formation, ou plus largement de nouvelle fa\u00e7on de penser le travail, car <strong>la technologie modifie en profondeur le syst\u00e8me \u00e9conomique<\/strong>. \u00c0 nous de faire preuve de cr\u00e9ativit\u00e9, d\u2019exigence et d\u2019ambition car dans ces p\u00e9riodes de transformation les opportunit\u00e9s sont l\u00e9gion.<\/p>\t\t\t\t\t\t\t\t<\/div>\n\t\t\t\t<\/div>\n\t\t\t\t\t<\/div>\n\t\t\t\t<\/div>\n\t\t\t\t\t<\/div>\n\t\t\t\t<\/div>\n\t\t\t\t<section class=\"elementor-section elementor-inner-section elementor-element elementor-element-4c1881ef elementor-section-full_width elementor-section-height-default elementor-section-height-default\" data-id=\"4c1881ef\" data-element_type=\"section\" data-settings=\"{&quot;background_background&quot;:&quot;classic&quot;}\">\n\t\t\t\t\t\t<div class=\"elementor-container elementor-column-gap-default\">\n\t\t\t\t\t<div class=\"elementor-column elementor-col-100 elementor-inner-column elementor-element elementor-element-f06de7c\" data-id=\"f06de7c\" data-element_type=\"column\">\n\t\t\t<div class=\"elementor-widget-wrap elementor-element-populated\">\n\t\t\t\t\t\t<div class=\"elementor-element elementor-element-121b35a5 elementor-widget elementor-widget-heading\" data-id=\"121b35a5\" data-element_type=\"widget\" data-widget_type=\"heading.default\">\n\t\t\t\t<div class=\"elementor-widget-container\">\n\t\t\t\t\t<h2 class=\"elementor-heading-title elementor-size-default\">Pour aller plus loin<\/h2>\t\t\t\t<\/div>\n\t\t\t\t<\/div>\n\t\t\t\t<div class=\"elementor-element elementor-element-7768d124 elementor-widget elementor-widget-text-editor\" data-id=\"7768d124\" data-element_type=\"widget\" data-widget_type=\"text-editor.default\">\n\t\t\t\t<div class=\"elementor-widget-container\">\n\t\t\t\t\t\t\t\t\t<p>Vous souhaitez d\u00e9couvrir l&rsquo;ensemble des chiffres et tendances issus de l&rsquo;Observatoire du travail hybride &amp; augment\u00e9 2024 ? <strong><a href=\"https:\/\/www.arctus.com\/fr\/studies\/observatoire-du-travail-hybride-augmente-2024\/\"><span style=\"text-decoration: underline;\">T\u00e9l\u00e9chargez le rapport complet<\/span><\/a><\/strong> d\u00e8s maintenant.<\/p><p>Pour en savoir plus sur les experts interrog\u00e9s :<\/p><ul><li><strong><a href=\"https:\/\/www.observatoire-nnt.com\/\"><span style=\"text-decoration: underline;\">L&rsquo;Observatoire du New Normal du Travail<\/span><\/a><\/strong><span style=\"color: #000000;\">,<\/span> l&rsquo;\u00e9tude qui\u00a0analyse les nouvelles pratiques de travail et les transformations en cours dans les organisations<\/li><li><strong><a href=\"https:\/\/www.kaliop.com\/fr\/\"><span style=\"text-decoration: underline;\">Kaliop<\/span><\/a><\/strong><span style=\"color: #000000;\">,<\/span> ESN sp\u00e9cialis\u00e9e dans transformation digitale<\/li><li><span style=\"text-decoration: underline;\"><strong><a href=\"https:\/\/18m.io\/\"><span style=\"color: #000000; text-decoration: underline;\">18M<\/span><\/a><\/strong><\/span><span style=\"color: #000000;\">,<\/span> soci\u00e9t\u00e9 sp\u00e9cialis\u00e9e dans la pr\u00e9vision des tendances marketing<\/li><\/ul>\t\t\t\t\t\t\t\t<\/div>\n\t\t\t\t<\/div>\n\t\t\t\t\t<\/div>\n\t\t<\/div>\n\t\t\t\t\t<\/div>\n\t\t<\/section>\n\t\t\t\t\t<\/div>\n\t\t<\/div>\n\t\t\t\t<div class=\"elementor-column elementor-col-16 elementor-top-column elementor-element elementor-element-79d5dced elementor-hidden-mobile\" data-id=\"79d5dced\" data-element_type=\"column\" data-settings=\"{&quot;background_background&quot;:&quot;classic&quot;}\">\n\t\t\t<div class=\"elementor-widget-wrap\">\n\t\t\t\t\t\t\t<\/div>\n\t\t<\/div>\n\t\t\t\t\t<\/div>\n\t\t<\/section>\n\t\t<div class=\"elementor-element elementor-element-4701884c e-flex e-con-boxed e-con e-parent\" data-id=\"4701884c\" data-element_type=\"container\">\n\t\t\t\t\t<div class=\"e-con-inner\">\n\t\t<div class=\"elementor-element elementor-element-389626ea e-flex e-con-boxed e-con e-child\" data-id=\"389626ea\" data-element_type=\"container\">\n\t\t\t\t\t<div class=\"e-con-inner\">\n\t\t<div class=\"elementor-element elementor-element-2dca59ad e-flex e-con-boxed e-con e-child\" data-id=\"2dca59ad\" data-element_type=\"container\">\n\t\t\t\t\t<div class=\"e-con-inner\">\n\t\t<div class=\"elementor-element elementor-element-3ebae8fb e-flex e-con-boxed e-con e-child\" data-id=\"3ebae8fb\" data-element_type=\"container\">\n\t\t\t\t\t<div class=\"e-con-inner\">\n\t\t\t\t<div class=\"elementor-element elementor-element-77903583 elementor-share-buttons--view-icon elementor-share-buttons--skin-minimal elementor-share-buttons--shape-circle elementor-grid-widescreen-2 elementor-share-buttons--color-custom elementor-grid-0 elementor-widget elementor-widget-share-buttons\" data-id=\"77903583\" data-element_type=\"widget\" data-widget_type=\"share-buttons.default\">\n\t\t\t\t<div class=\"elementor-widget-container\">\n\t\t\t\t\t\t\t<div class=\"elementor-grid\" role=\"list\">\n\t\t\t\t\t\t\t\t<div class=\"elementor-grid-item\" role=\"listitem\">\n\t\t\t\t\t\t<div class=\"elementor-share-btn elementor-share-btn_linkedin\" role=\"button\" tabindex=\"0\" aria-label=\"Partager sur linkedin\">\n\t\t\t\t\t\t\t\t\t\t\t\t\t\t\t<span class=\"elementor-share-btn__icon\">\n\t\t\t\t\t\t\t\t<i class=\"fab fa-linkedin\" aria-hidden=\"true\"><\/i>\t\t\t\t\t\t\t<\/span>\n\t\t\t\t\t\t\t\t\t\t\t\t\t\t\t\t\t\t\t\t<\/div>\n\t\t\t\t\t<\/div>\n\t\t\t\t\t\t\t\t\t<div class=\"elementor-grid-item\" role=\"listitem\">\n\t\t\t\t\t\t<div class=\"elementor-share-btn elementor-share-btn_email\" role=\"button\" tabindex=\"0\" aria-label=\"Partager sur email\">\n\t\t\t\t\t\t\t\t\t\t\t\t\t\t\t<span class=\"elementor-share-btn__icon\">\n\t\t\t\t\t\t\t\t<i class=\"fas fa-envelope\" aria-hidden=\"true\"><\/i>\t\t\t\t\t\t\t<\/span>\n\t\t\t\t\t\t\t\t\t\t\t\t\t\t\t\t\t\t\t\t<\/div>\n\t\t\t\t\t<\/div>\n\t\t\t\t\t\t<\/div>\n\t\t\t\t\t\t<\/div>\n\t\t\t\t<\/div>\n\t\t\t\t\t<\/div>\n\t\t\t\t<\/div>\n\t\t<div class=\"elementor-element elementor-element-35b27be1 e-con-full e-flex e-con e-child\" data-id=\"35b27be1\" data-element_type=\"container\">\n\t\t\t\t<div class=\"elementor-element elementor-element-4ccb5f79 elementor-author-box--layout-image-left elementor-author-box--align-left elementor-author-box--image-valign-top elementor-widget elementor-widget-author-box\" data-id=\"4ccb5f79\" data-element_type=\"widget\" data-widget_type=\"author-box.default\">\n\t\t\t\t<div class=\"elementor-widget-container\">\n\t\t\t\t\t\t\t<div class=\"elementor-author-box\">\n\t\t\t\t\t\t\t<div  class=\"elementor-author-box__avatar\">\n\t\t\t\t\t<img decoding=\"async\" src=\"https:\/\/www.arctus.com\/wp-content\/uploads\/2022\/07\/Isabelle-R-300x300.png\" alt=\"Image de Isabelle Reyre&lt;br&gt;&lt;p id=&quot;mr-formation&quot;&gt;Fondatrice d&#039;Arctus, Associ\u00e9e&lt;\/p&gt;\" loading=\"lazy\">\n\t\t\t\t<\/div>\n\t\t\t\n\t\t\t<div class=\"elementor-author-box__text\">\n\t\t\t\t\t\t\t\t\t<div >\n\t\t\t\t\t\t<span class=\"elementor-author-box__name\">\n\t\t\t\t\t\t\tIsabelle Reyre<br><p id=\"mr-formation\">Fondatrice d'Arctus, Associ\u00e9e<\/p>\t\t\t\t\t\t<\/span>\n\t\t\t\t\t<\/div>\n\t\t\t\t\n\t\t\t\t\t\t\t\t\t<div class=\"elementor-author-box__bio\">\n\t\t\t\t\t\t<p><a href=\"linkedin.com.com\" target=\"blank\"><br \/>\n<!--Changer le lien linkedin au dessus --><br \/>\n<img decoding=\"async\" src=\"https:\/\/www.arctus.com\/\/wp-content\/uploads\/2022\/06\/linkedin.svg\" class=\"mb-linkedin-icon\"><\/a><\/p>\n<p><!-- Ne pas supprimer le contenu ci dessus. Le lien pour linkedin se met en \"\" dans href=\"\"--><\/p>\n<p class=\"lh\">\nFondatrice et dirigeante d\u2019Arctus, Isabelle est aussi auteur et conf\u00e9renci\u00e8re. Depuis 2007, elle partage son regard et apporte des \u00e9clairages sur les transformations internes que traversent les organisations au travers d'\u00e9tudes et observatoires tels que l'Observatoire du Travail hybride et management digital, l'Observatoire Intranet & Digital Working ou l'Observatoire de la Cr\u00e9ativit\u00e9. Elle est \u00e9galement administratrice et membre actif de l'AFCI, l'Association Fran\u00e7aise des professionnels de la Communication Interne <\/p>\n\t\t\t\t\t<\/div>\n\t\t\t\t\n\t\t\t\t\t\t\t<\/div>\n\t\t<\/div>\n\t\t\t\t\t\t<\/div>\n\t\t\t\t<\/div>\n\t\t\t\t<\/div>\n\t\t\t\t\t<\/div>\n\t\t\t\t<\/div>\n\t\t\t\t<div class=\"elementor-element elementor-element-1eaf2816 elementor-align-right elementor-widget elementor-widget-button\" data-id=\"1eaf2816\" data-element_type=\"widget\" data-widget_type=\"button.default\">\n\t\t\t\t<div class=\"elementor-widget-container\">\n\t\t\t\t\t\t\t\t\t<div class=\"elementor-button-wrapper\">\n\t\t\t\t\t<a class=\"elementor-button elementor-button-link elementor-size-sm\" href=\"\/blog\/\">\n\t\t\t\t\t\t<span class=\"elementor-button-content-wrapper\">\n\t\t\t\t\t\t<span class=\"elementor-button-icon\">\n\t\t\t\t<svg xmlns=\"http:\/\/www.w3.org\/2000\/svg\" width=\"44\" height=\"30\" viewBox=\"0 0 44 30\" fill=\"none\"><path d=\"M43.4142 16.4142C44.1953 15.6332 44.1953 14.3668 43.4142 13.5858L30.6863 0.857867C29.9052 0.0768184 28.6389 0.0768183 27.8579 0.857867C27.0768 1.63892 27.0768 2.90525 27.8579 3.68629L39.1716 15L27.8579 26.3137C27.0768 27.0948 27.0768 28.3611 27.8579 29.1421C28.6389 29.9232 29.9052 29.9232 30.6863 29.1421L43.4142 16.4142ZM-1.74846e-07 17L42 17L42 13L1.74846e-07 13L-1.74846e-07 17Z\" fill=\"#00316B\"><\/path><\/svg>\t\t\t<\/span>\n\t\t\t\t\t\t\t\t\t<span class=\"elementor-button-text\">RETOUR AUX ARTICLES<\/span>\n\t\t\t\t\t<\/span>\n\t\t\t\t\t<\/a>\n\t\t\t\t<\/div>\n\t\t\t\t\t\t\t\t<\/div>\n\t\t\t\t<\/div>\n\t\t\t\t<div class=\"elementor-element elementor-element-28ee8273 elementor-widget-divider--view-line elementor-widget elementor-widget-divider\" data-id=\"28ee8273\" data-element_type=\"widget\" data-widget_type=\"divider.default\">\n\t\t\t\t<div class=\"elementor-widget-container\">\n\t\t\t\t\t\t\t<div class=\"elementor-divider\">\n\t\t\t<span class=\"elementor-divider-separator\">\n\t\t\t\t\t\t<\/span>\n\t\t<\/div>\n\t\t\t\t\t\t<\/div>\n\t\t\t\t<\/div>\n\t\t\t\t\t<\/div>\n\t\t\t\t<\/div>\n\t\t\t\t\t<\/div>\n\t\t\t\t<\/div>\n\t\t\t\t<section class=\"elementor-section elementor-top-section elementor-element elementor-element-134cd873 elementor-section-full_width elementor-section-height-default elementor-section-height-default\" data-id=\"134cd873\" data-element_type=\"section\">\n\t\t\t\t\t\t<div class=\"elementor-container elementor-column-gap-no\">\n\t\t\t\t\t<div class=\"elementor-column elementor-col-16 elementor-top-column elementor-element elementor-element-967f6b8 elementor-hidden-mobile\" data-id=\"967f6b8\" data-element_type=\"column\" data-settings=\"{&quot;background_background&quot;:&quot;classic&quot;}\">\n\t\t\t<div class=\"elementor-widget-wrap\">\n\t\t\t\t\t\t\t<\/div>\n\t\t<\/div>\n\t\t\t\t<div class=\"elementor-column elementor-col-66 elementor-top-column elementor-element elementor-element-6647a016\" data-id=\"6647a016\" data-element_type=\"column\" data-settings=\"{&quot;background_background&quot;:&quot;classic&quot;}\">\n\t\t\t<div class=\"elementor-widget-wrap elementor-element-populated\">\n\t\t\t\t\t\t<div class=\"elementor-element elementor-element-61755e03 elementor-widget elementor-widget-heading\" data-id=\"61755e03\" data-element_type=\"widget\" data-widget_type=\"heading.default\">\n\t\t\t\t<div class=\"elementor-widget-container\">\n\t\t\t\t\t<h2 class=\"elementor-heading-title elementor-size-default\">CES ARTICLES <br>PEUVENT VOUS INT\u00c9RESSER<\/h2>\t\t\t\t<\/div>\n\t\t\t\t<\/div>\n\t\t\t\t<div class=\"elementor-element elementor-element-213ce803 elementor-widget elementor-widget-wp-widget-block\" data-id=\"213ce803\" data-element_type=\"widget\" data-widget_type=\"wp-widget-block.default\">\n\t\t\t\t<div class=\"elementor-widget-container\">\n\t\t\t\t\t<section id=\"last-blog-block\">\n    <div class=\"row\">\n            <div class=\"col-12 col-md-4\">\n        <a href=\"https:\/\/www.arctus.com\/fr\/leadership-ia-generative-management\/\" class=\"aj-blog-card\">\n          <div class=\"aj-blog-card-header\">\n            <img fetchpriority=\"high\" decoding=\"async\" fetchpriority=\"high\" width=\"2560\" height=\"1706\" src=\"https:\/\/www.arctus.com\/wp-content\/uploads\/2026\/03\/nick-fewings-EkyuhD7uwSM-unsplash-scaled.jpg\" class=\"attachment-post-thumbnail size-post-thumbnail wp-post-image\" alt=\"Leadership lead team\" srcset=\"https:\/\/www.arctus.com\/wp-content\/uploads\/2026\/03\/nick-fewings-EkyuhD7uwSM-unsplash-scaled.jpg 2560w, https:\/\/www.arctus.com\/wp-content\/uploads\/2026\/03\/nick-fewings-EkyuhD7uwSM-unsplash-300x200.jpg 300w, https:\/\/www.arctus.com\/wp-content\/uploads\/2026\/03\/nick-fewings-EkyuhD7uwSM-unsplash-1024x683.jpg 1024w, https:\/\/www.arctus.com\/wp-content\/uploads\/2026\/03\/nick-fewings-EkyuhD7uwSM-unsplash-768x512.jpg 768w, https:\/\/www.arctus.com\/wp-content\/uploads\/2026\/03\/nick-fewings-EkyuhD7uwSM-unsplash-1536x1024.jpg 1536w, https:\/\/www.arctus.com\/wp-content\/uploads\/2026\/03\/nick-fewings-EkyuhD7uwSM-unsplash-2048x1365.jpg 2048w, https:\/\/www.arctus.com\/wp-content\/uploads\/2026\/03\/nick-fewings-EkyuhD7uwSM-unsplash-18x12.jpg 18w\" sizes=\"(max-width: 2560px) 100vw, 2560px\" \/>          <\/div>\n          <div class=\"aj-blog-card-container\">\n            <div class=\"aj-blog-card-tag\" style=\"color: #f45446;\">Id\u00e9es<\/div>\n            <div class=\"aj-blog-card-title\">LEADERSHIP \u00c0 L\u2019HEURE DE L\u2019IA\u00a0: COMMENT ACCOMPAGNER LES \u00c9QUIPES DANS LA TRANSFORMATION DU TRAVAIL\u00a0?<\/div>\n            <div class=\"aj-blog-card-content\">\n            Comment l\u2019IA g\u00e9n\u00e9rative transforme le leadership et red\u00e9finit le r\u00f4le des managers dans un travail de plus en plus hybride et augment\u00e9.            <\/div>\n            <div class=\"aj-blog-card-footer\">\n              <svg class=\"aj-arrow\" xmlns=\"http:\/\/www.w3.org\/2000\/svg\" width=\"44\" height=\"30\" viewBox=\"0 0 44 30\" fill=\"none\"><path d=\"M43.4142 16.4142C44.1953 15.6332 44.1953 14.3668 43.4142 13.5858L30.6863 0.857867C29.9052 0.0768184 28.6389 0.0768183 27.8579 0.857867C27.0768 1.63892 27.0768 2.90525 27.8579 3.68629L39.1716 15L27.8579 26.3137C27.0768 27.0948 27.0768 28.3611 27.8579 29.1421C28.6389 29.9232 29.9052 29.9232 30.6863 29.1421L43.4142 16.4142ZM-1.74846e-07 17L42 17L42 13L1.74846e-07 13L-1.74846e-07 17Z\" fill=\"#FFDA01\"><\/path><\/svg>\n            <\/div>\n          <\/div>\n        <\/a>\n      <\/div>\n            <div class=\"col-12 col-md-4\">\n        <a href=\"https:\/\/www.arctus.com\/fr\/travail-hybride-2026\/\" class=\"aj-blog-card\">\n          <div class=\"aj-blog-card-header\">\n            <img loading=\"lazy\" decoding=\"async\" width=\"2560\" height=\"1707\" src=\"https:\/\/www.arctus.com\/wp-content\/uploads\/2026\/02\/sigmund-eTgMFFzroGc-unsplash-scaled.jpg\" class=\"attachment-post-thumbnail size-post-thumbnail wp-post-image\" alt=\"travail hybride \u00e9cran r\u00e9union\" srcset=\"https:\/\/www.arctus.com\/wp-content\/uploads\/2026\/02\/sigmund-eTgMFFzroGc-unsplash-scaled.jpg 2560w, https:\/\/www.arctus.com\/wp-content\/uploads\/2026\/02\/sigmund-eTgMFFzroGc-unsplash-300x200.jpg 300w, https:\/\/www.arctus.com\/wp-content\/uploads\/2026\/02\/sigmund-eTgMFFzroGc-unsplash-1024x683.jpg 1024w, https:\/\/www.arctus.com\/wp-content\/uploads\/2026\/02\/sigmund-eTgMFFzroGc-unsplash-768x512.jpg 768w, https:\/\/www.arctus.com\/wp-content\/uploads\/2026\/02\/sigmund-eTgMFFzroGc-unsplash-1536x1024.jpg 1536w, https:\/\/www.arctus.com\/wp-content\/uploads\/2026\/02\/sigmund-eTgMFFzroGc-unsplash-2048x1365.jpg 2048w, https:\/\/www.arctus.com\/wp-content\/uploads\/2026\/02\/sigmund-eTgMFFzroGc-unsplash-18x12.jpg 18w\" sizes=\"(max-width: 2560px) 100vw, 2560px\" \/>          <\/div>\n          <div class=\"aj-blog-card-container\">\n            <div class=\"aj-blog-card-tag\" style=\"color: #f45446;\">Id\u00e9es<\/div>\n            <div class=\"aj-blog-card-title\">COMMENT \u00c9VOLUE LE TRAVAIL\u00a0HYBRIDE EN 2026 ?<\/div>\n            <div class=\"aj-blog-card-content\">\n            Retour au bureau, mont\u00e9e en puissance de l\u2019IA g\u00e9n\u00e9rative, nouvelles exigences manag\u00e9riales : o\u00f9 en est r\u00e9ellement le travail hybride en 2026 ?            <\/div>\n            <div class=\"aj-blog-card-footer\">\n              <svg class=\"aj-arrow\" xmlns=\"http:\/\/www.w3.org\/2000\/svg\" width=\"44\" height=\"30\" viewBox=\"0 0 44 30\" fill=\"none\"><path d=\"M43.4142 16.4142C44.1953 15.6332 44.1953 14.3668 43.4142 13.5858L30.6863 0.857867C29.9052 0.0768184 28.6389 0.0768183 27.8579 0.857867C27.0768 1.63892 27.0768 2.90525 27.8579 3.68629L39.1716 15L27.8579 26.3137C27.0768 27.0948 27.0768 28.3611 27.8579 29.1421C28.6389 29.9232 29.9052 29.9232 30.6863 29.1421L43.4142 16.4142ZM-1.74846e-07 17L42 17L42 13L1.74846e-07 13L-1.74846e-07 17Z\" fill=\"#FFDA01\"><\/path><\/svg>\n            <\/div>\n          <\/div>\n        <\/a>\n      <\/div>\n            <div class=\"col-12 col-md-4\">\n        <a href=\"https:\/\/www.arctus.com\/fr\/arctus-lance-lobservatoire-du-travail-hybride-et-augmente-2026\/\" class=\"aj-blog-card\">\n          <div class=\"aj-blog-card-header\">\n            <img loading=\"lazy\" decoding=\"async\" width=\"900\" height=\"600\" src=\"https:\/\/www.arctus.com\/wp-content\/uploads\/2026\/02\/Photos-mail-de-bienvenue-rubrique-2.png\" class=\"attachment-post-thumbnail size-post-thumbnail wp-post-image\" alt=\"Lancement de l&#039;Observatoire du travail hybride 2026\" srcset=\"https:\/\/www.arctus.com\/wp-content\/uploads\/2026\/02\/Photos-mail-de-bienvenue-rubrique-2.png 900w, https:\/\/www.arctus.com\/wp-content\/uploads\/2026\/02\/Photos-mail-de-bienvenue-rubrique-2-300x200.png 300w, https:\/\/www.arctus.com\/wp-content\/uploads\/2026\/02\/Photos-mail-de-bienvenue-rubrique-2-768x512.png 768w, https:\/\/www.arctus.com\/wp-content\/uploads\/2026\/02\/Photos-mail-de-bienvenue-rubrique-2-18x12.png 18w\" sizes=\"(max-width: 900px) 100vw, 900px\" \/>          <\/div>\n          <div class=\"aj-blog-card-container\">\n            <div class=\"aj-blog-card-tag\" style=\"color: #FFDA01;\">Actualit\u00e9s<\/div>\n            <div class=\"aj-blog-card-title\">ARCTUS LANCE L\u2019OBSERVATOIRE DU TRAVAIL HYBRIDE ET AUGMENT\u00c9 2026<\/div>\n            <div class=\"aj-blog-card-content\">\n            Participez \u00e0 l\u2019Observatoire du travail hybride et augment\u00e9 2026 pour comprendre comment le travail hybride et l\u2019IA transforment les pratiques, le management et la gouvernance.            <\/div>\n            <div class=\"aj-blog-card-footer\">\n              <svg class=\"aj-arrow\" xmlns=\"http:\/\/www.w3.org\/2000\/svg\" width=\"44\" height=\"30\" viewBox=\"0 0 44 30\" fill=\"none\"><path d=\"M43.4142 16.4142C44.1953 15.6332 44.1953 14.3668 43.4142 13.5858L30.6863 0.857867C29.9052 0.0768184 28.6389 0.0768183 27.8579 0.857867C27.0768 1.63892 27.0768 2.90525 27.8579 3.68629L39.1716 15L27.8579 26.3137C27.0768 27.0948 27.0768 28.3611 27.8579 29.1421C28.6389 29.9232 29.9052 29.9232 30.6863 29.1421L43.4142 16.4142ZM-1.74846e-07 17L42 17L42 13L1.74846e-07 13L-1.74846e-07 17Z\" fill=\"#FFDA01\"><\/path><\/svg>\n            <\/div>\n          <\/div>\n        <\/a>\n      <\/div>\n          <\/div>\n  <\/section>\t\t\t\t<\/div>\n\t\t\t\t<\/div>\n\t\t\t\t\t<\/div>\n\t\t<\/div>\n\t\t\t\t<div class=\"elementor-column elementor-col-16 elementor-top-column elementor-element elementor-element-594f2fb3 elementor-hidden-mobile\" data-id=\"594f2fb3\" data-element_type=\"column\" data-settings=\"{&quot;background_background&quot;:&quot;classic&quot;}\">\n\t\t\t<div class=\"elementor-widget-wrap\">\n\t\t\t\t\t\t\t<\/div>\n\t\t<\/div>\n\t\t\t\t\t<\/div>\n\t\t<\/section>\n\t\t\t\t<section class=\"elementor-section elementor-top-section elementor-element elementor-element-4e1d1642 elementor-section-full_width elementor-section-height-default elementor-section-height-default\" data-id=\"4e1d1642\" data-element_type=\"section\">\n\t\t\t\t\t\t<div class=\"elementor-container elementor-column-gap-no\">\n\t\t\t\t\t<div class=\"elementor-column elementor-col-16 elementor-top-column elementor-element elementor-element-37da95bc elementor-hidden-mobile\" data-id=\"37da95bc\" data-element_type=\"column\" data-settings=\"{&quot;background_background&quot;:&quot;classic&quot;}\">\n\t\t\t<div class=\"elementor-widget-wrap\">\n\t\t\t\t\t\t\t<\/div>\n\t\t<\/div>\n\t\t\t\t<div class=\"elementor-column elementor-col-66 elementor-top-column elementor-element elementor-element-47533737\" data-id=\"47533737\" data-element_type=\"column\" data-settings=\"{&quot;background_background&quot;:&quot;classic&quot;}\">\n\t\t\t<div class=\"elementor-widget-wrap elementor-element-populated\">\n\t\t\t\t\t\t<div class=\"elementor-element elementor-element-640edad6 elementor-widget elementor-widget-heading\" data-id=\"640edad6\" data-element_type=\"widget\" data-widget_type=\"heading.default\">\n\t\t\t\t<div class=\"elementor-widget-container\">\n\t\t\t\t\t<h2 class=\"elementor-heading-title elementor-size-default\">UNE QUESTION, UN PROJET<\/h2>\t\t\t\t<\/div>\n\t\t\t\t<\/div>\n\t\t\t\t<div class=\"elementor-element elementor-element-7e2ac0fe elementor-widget elementor-widget-text-editor\" data-id=\"7e2ac0fe\" data-element_type=\"widget\" data-widget_type=\"text-editor.default\">\n\t\t\t\t<div class=\"elementor-widget-container\">\n\t\t\t\t\t\t\t\t\tNous nous tenons \u00e0 votre disposition !\t\t\t\t\t\t\t\t<\/div>\n\t\t\t\t<\/div>\n\t\t\t\t<div class=\"elementor-element elementor-element-6ce7339d elementor-align-center elementor-widget elementor-widget-button\" data-id=\"6ce7339d\" data-element_type=\"widget\" data-widget_type=\"button.default\">\n\t\t\t\t<div class=\"elementor-widget-container\">\n\t\t\t\t\t\t\t\t\t<div class=\"elementor-button-wrapper\">\n\t\t\t\t\t<a class=\"elementor-button elementor-button-link elementor-size-sm\" href=\"\/contact\/\">\n\t\t\t\t\t\t<span class=\"elementor-button-content-wrapper\">\n\t\t\t\t\t\t<span class=\"elementor-button-icon\">\n\t\t\t\t<svg xmlns=\"http:\/\/www.w3.org\/2000\/svg\" width=\"44\" height=\"30\" viewBox=\"0 0 44 30\" fill=\"none\"><path d=\"M43.4142 16.4142C44.1953 15.6332 44.1953 14.3668 43.4142 13.5858L30.6863 0.857867C29.9052 0.0768184 28.6389 0.0768183 27.8579 0.857867C27.0768 1.63892 27.0768 2.90525 27.8579 3.68629L39.1716 15L27.8579 26.3137C27.0768 27.0948 27.0768 28.3611 27.8579 29.1421C28.6389 29.9232 29.9052 29.9232 30.6863 29.1421L43.4142 16.4142ZM-1.74846e-07 17L42 17L42 13L1.74846e-07 13L-1.74846e-07 17Z\" fill=\"white\"><\/path><\/svg>\t\t\t<\/span>\n\t\t\t\t\t\t\t\t\t<span class=\"elementor-button-text\">CONTACTEZ-NOUS<\/span>\n\t\t\t\t\t<\/span>\n\t\t\t\t\t<\/a>\n\t\t\t\t<\/div>\n\t\t\t\t\t\t\t\t<\/div>\n\t\t\t\t<\/div>\n\t\t\t\t\t<\/div>\n\t\t<\/div>\n\t\t\t\t<div class=\"elementor-column elementor-col-16 elementor-top-column elementor-element elementor-element-55564e03 elementor-hidden-mobile\" data-id=\"55564e03\" data-element_type=\"column\" data-settings=\"{&quot;background_background&quot;:&quot;classic&quot;}\">\n\t\t\t<div class=\"elementor-widget-wrap\">\n\t\t\t\t\t\t\t<\/div>\n\t\t<\/div>\n\t\t\t\t\t<\/div>\n\t\t<\/section>\n\t\t\t\t<section class=\"elementor-section elementor-top-section elementor-element elementor-element-41c4ade0 elementor-section-full_width elementor-section-height-default elementor-section-height-default\" data-id=\"41c4ade0\" data-element_type=\"section\" data-settings=\"{&quot;background_background&quot;:&quot;classic&quot;}\">\n\t\t\t\t\t\t<div class=\"elementor-container elementor-column-gap-no\">\n\t\t\t\t\t<div class=\"elementor-column elementor-col-16 elementor-top-column elementor-element elementor-element-5ae40fb1 elementor-hidden-mobile\" data-id=\"5ae40fb1\" data-element_type=\"column\" data-settings=\"{&quot;background_background&quot;:&quot;classic&quot;}\">\n\t\t\t<div class=\"elementor-widget-wrap\">\n\t\t\t\t\t\t\t<\/div>\n\t\t<\/div>\n\t\t\t\t<div class=\"elementor-column elementor-col-66 elementor-top-column elementor-element elementor-element-59486781\" data-id=\"59486781\" data-element_type=\"column\" data-settings=\"{&quot;background_background&quot;:&quot;classic&quot;}\">\n\t\t\t<div class=\"elementor-widget-wrap elementor-element-populated\">\n\t\t\t\t\t\t<div class=\"elementor-element elementor-element-5148e6f0 elementor-widget elementor-widget-heading\" data-id=\"5148e6f0\" data-element_type=\"widget\" data-widget_type=\"heading.default\">\n\t\t\t\t<div class=\"elementor-widget-container\">\n\t\t\t\t\t<h2 class=\"elementor-heading-title elementor-size-default\">NEWSLETTER<\/h2>\t\t\t\t<\/div>\n\t\t\t\t<\/div>\n\t\t\t\t<div class=\"elementor-element elementor-element-12e524e8 elementor-widget elementor-widget-text-editor\" data-id=\"12e524e8\" data-element_type=\"widget\" data-widget_type=\"text-editor.default\">\n\t\t\t\t<div class=\"elementor-widget-container\">\n\t\t\t\t\t\t\t\t\tPour ne rien rater, abonnez-vous \u00e0 la newsletter d\u2019Arctus\t\t\t\t\t\t\t\t<\/div>\n\t\t\t\t<\/div>\n\t\t\t\t<div class=\"elementor-element elementor-element-50032d8f elementor-align-center elementor-widget elementor-widget-button\" data-id=\"50032d8f\" data-element_type=\"widget\" data-widget_type=\"button.default\">\n\t\t\t\t<div class=\"elementor-widget-container\">\n\t\t\t\t\t\t\t\t\t<div class=\"elementor-button-wrapper\">\n\t\t\t\t\t<a class=\"elementor-button elementor-button-link elementor-size-sm elementor-animation-sink\" href=\"https:\/\/arctus.us6.list-manage.com\/subscribe?u=e0c770a160f747e0d4b0e7f4b&#038;id=04d57c341d\" target=\"_blank\" rel=\"nofollow\">\n\t\t\t\t\t\t<span class=\"elementor-button-content-wrapper\">\n\t\t\t\t\t\t<span class=\"elementor-button-icon\">\n\t\t\t\t<svg xmlns=\"http:\/\/www.w3.org\/2000\/svg\" width=\"44\" height=\"30\" viewBox=\"0 0 44 30\" fill=\"none\"><path d=\"M43.4142 16.4142C44.1953 15.6332 44.1953 14.3668 43.4142 13.5858L30.6863 0.857867C29.9052 0.0768184 28.6389 0.0768183 27.8579 0.857867C27.0768 1.63892 27.0768 2.90525 27.8579 3.68629L39.1716 15L27.8579 26.3137C27.0768 27.0948 27.0768 28.3611 27.8579 29.1421C28.6389 29.9232 29.9052 29.9232 30.6863 29.1421L43.4142 16.4142ZM-1.74846e-07 17L42 17L42 13L1.74846e-07 13L-1.74846e-07 17Z\" fill=\"#00316B\"><\/path><\/svg>\t\t\t<\/span>\n\t\t\t\t\t\t\t\t\t<span class=\"elementor-button-text\">S\u2019ABONNER<\/span>\n\t\t\t\t\t<\/span>\n\t\t\t\t\t<\/a>\n\t\t\t\t<\/div>\n\t\t\t\t\t\t\t\t<\/div>\n\t\t\t\t<\/div>\n\t\t\t\t\t<\/div>\n\t\t<\/div>\n\t\t\t\t<div class=\"elementor-column elementor-col-16 elementor-top-column elementor-element elementor-element-278e34a1 elementor-hidden-mobile\" data-id=\"278e34a1\" data-element_type=\"column\" data-settings=\"{&quot;background_background&quot;:&quot;classic&quot;}\">\n\t\t\t<div class=\"elementor-widget-wrap\">\n\t\t\t\t\t\t\t<\/div>\n\t\t<\/div>\n\t\t\t\t\t<\/div>\n\t\t<\/section>\n\t\t\t\t<\/div>\n\t\t","protected":false},"excerpt":{"rendered":"<p>Arctus publie pour la deuxi\u00e8me ann\u00e9e son observatoire du travail hybride &amp; augment\u00e9.\u00a0 Deux objectifs principaux sont vis\u00e9s par cette \u00e9tude : mesurer l\u2019adaptation des organisations \u00e0 l\u2019hybridation du travail et capter les signaux qui porteront le changement des entreprises dans les prochaines ann\u00e9es Pour enrichir ces r\u00e9sultats, plusieurs experts ont \u00e9t\u00e9 convi\u00e9s lors de [&hellip;]<\/p>\n","protected":false},"author":2,"featured_media":14379,"comment_status":"closed","ping_status":"closed","sticky":false,"template":"","format":"standard","meta":{"_acf_changed":false,"footnotes":""},"categories":[1],"tags":[],"class_list":["post-14325","post","type-post","status-publish","format-standard","has-post-thumbnail","hentry","category-non-classe"],"acf":[],"yoast_head":"<!-- This site is optimized with the Yoast SEO Premium plugin v26.8 (Yoast SEO v26.8) - https:\/\/yoast.com\/product\/yoast-seo-premium-wordpress\/ -->\n<title>TRAVAIL S\u2019HYBRIDE &amp; IA G\u00c9N\u00c9RATIVE : NOUVEAUX D\u00c9FIS<\/title>\n<meta name=\"description\" content=\"D\u00e9couvrez les tendances du travail hybride &amp; de l&#039;IA g\u00e9n\u00e9rative enrichies par les avis de chercheurs, professionnels et prospectivistes.\" \/>\n<meta name=\"robots\" content=\"index, follow, max-snippet:-1, max-image-preview:large, max-video-preview:-1\" \/>\n<link rel=\"canonical\" href=\"https:\/\/www.arctus.com\/fr\/ia-generative-travail-hybride\/\" \/>\n<meta property=\"og:locale\" content=\"fr_FR\" \/>\n<meta property=\"og:type\" content=\"article\" \/>\n<meta property=\"og:title\" content=\"AVEC L\u2019IA G\u00c9N\u00c9RATIVE, LE TRAVAIL S\u2019HYBRIDE TOUJOURS PLUS, DE NOUVEAUX D\u00c9FIS SONT \u00c0 RELEVER\" \/>\n<meta property=\"og:description\" content=\"D\u00e9couvrez les tendances du travail hybride &amp; de l&#039;IA g\u00e9n\u00e9rative enrichies par les avis de chercheurs, professionnels et prospectivistes.\" \/>\n<meta property=\"og:url\" content=\"https:\/\/www.arctus.com\/fr\/ia-generative-travail-hybride\/\" \/>\n<meta property=\"og:site_name\" content=\"Arctus\" \/>\n<meta property=\"article:published_time\" content=\"2024-07-23T15:41:59+00:00\" \/>\n<meta property=\"article:modified_time\" content=\"2025-04-23T16:25:09+00:00\" \/>\n<meta property=\"og:image\" content=\"https:\/\/www.arctus.com\/wp-content\/uploads\/2024\/07\/2h-media-hYjeZsxGQb0-unsplash-scaled.jpg\" \/>\n\t<meta property=\"og:image:width\" content=\"2560\" \/>\n\t<meta property=\"og:image:height\" content=\"1439\" \/>\n\t<meta property=\"og:image:type\" content=\"image\/jpeg\" \/>\n<meta name=\"author\" content=\"Arctus\" \/>\n<meta name=\"twitter:card\" content=\"summary_large_image\" \/>\n<meta name=\"twitter:label1\" content=\"\u00c9crit par\" \/>\n\t<meta name=\"twitter:data1\" content=\"Arctus\" \/>\n\t<meta name=\"twitter:label2\" content=\"Dur\u00e9e de lecture estim\u00e9e\" \/>\n\t<meta name=\"twitter:data2\" content=\"8 minutes\" \/>\n<script type=\"application\/ld+json\" class=\"yoast-schema-graph\">{\"@context\":\"https:\/\/schema.org\",\"@graph\":[{\"@type\":\"Article\",\"@id\":\"https:\/\/www.arctus.com\/fr\/ia-generative-travail-hybride\/#article\",\"isPartOf\":{\"@id\":\"https:\/\/www.arctus.com\/fr\/ia-generative-travail-hybride\/\"},\"author\":{\"name\":\"Arctus\",\"@id\":\"https:\/\/www.arctus.com\/fr\/#\/schema\/person\/efc8a36119e5ddb8c642a03bd0fb948d\"},\"headline\":\"AVEC L\u2019IA G\u00c9N\u00c9RATIVE, LE TRAVAIL S\u2019HYBRIDE TOUJOURS PLUS, DE NOUVEAUX D\u00c9FIS SONT \u00c0 RELEVER\",\"datePublished\":\"2024-07-23T15:41:59+00:00\",\"dateModified\":\"2025-04-23T16:25:09+00:00\",\"mainEntityOfPage\":{\"@id\":\"https:\/\/www.arctus.com\/fr\/ia-generative-travail-hybride\/\"},\"wordCount\":1283,\"publisher\":{\"@id\":\"https:\/\/www.arctus.com\/fr\/#organization\"},\"image\":{\"@id\":\"https:\/\/www.arctus.com\/fr\/ia-generative-travail-hybride\/#primaryimage\"},\"thumbnailUrl\":\"https:\/\/www.arctus.com\/wp-content\/uploads\/2024\/07\/2h-media-hYjeZsxGQb0-unsplash-scaled.jpg\",\"inLanguage\":\"fr-FR\"},{\"@type\":\"WebPage\",\"@id\":\"https:\/\/www.arctus.com\/fr\/ia-generative-travail-hybride\/\",\"url\":\"https:\/\/www.arctus.com\/fr\/ia-generative-travail-hybride\/\",\"name\":\"TRAVAIL S\u2019HYBRIDE & IA G\u00c9N\u00c9RATIVE : NOUVEAUX D\u00c9FIS\",\"isPartOf\":{\"@id\":\"https:\/\/www.arctus.com\/fr\/#website\"},\"primaryImageOfPage\":{\"@id\":\"https:\/\/www.arctus.com\/fr\/ia-generative-travail-hybride\/#primaryimage\"},\"image\":{\"@id\":\"https:\/\/www.arctus.com\/fr\/ia-generative-travail-hybride\/#primaryimage\"},\"thumbnailUrl\":\"https:\/\/www.arctus.com\/wp-content\/uploads\/2024\/07\/2h-media-hYjeZsxGQb0-unsplash-scaled.jpg\",\"datePublished\":\"2024-07-23T15:41:59+00:00\",\"dateModified\":\"2025-04-23T16:25:09+00:00\",\"description\":\"D\u00e9couvrez les tendances du travail hybride & de l'IA g\u00e9n\u00e9rative enrichies par les avis de chercheurs, professionnels et prospectivistes.\",\"breadcrumb\":{\"@id\":\"https:\/\/www.arctus.com\/fr\/ia-generative-travail-hybride\/#breadcrumb\"},\"inLanguage\":\"fr-FR\",\"potentialAction\":[{\"@type\":\"ReadAction\",\"target\":[\"https:\/\/www.arctus.com\/fr\/ia-generative-travail-hybride\/\"]}]},{\"@type\":\"ImageObject\",\"inLanguage\":\"fr-FR\",\"@id\":\"https:\/\/www.arctus.com\/fr\/ia-generative-travail-hybride\/#primaryimage\",\"url\":\"https:\/\/www.arctus.com\/wp-content\/uploads\/2024\/07\/2h-media-hYjeZsxGQb0-unsplash-scaled.jpg\",\"contentUrl\":\"https:\/\/www.arctus.com\/wp-content\/uploads\/2024\/07\/2h-media-hYjeZsxGQb0-unsplash-scaled.jpg\",\"width\":2560,\"height\":1439,\"caption\":\"IA g\u00e9n\u00e9rative travail hybride ordinateur r\u00e9union bureau\"},{\"@type\":\"BreadcrumbList\",\"@id\":\"https:\/\/www.arctus.com\/fr\/ia-generative-travail-hybride\/#breadcrumb\",\"itemListElement\":[{\"@type\":\"ListItem\",\"position\":1,\"name\":\"Accueil\",\"item\":\"https:\/\/www.arctus.com\/\"},{\"@type\":\"ListItem\",\"position\":2,\"name\":\"AVEC L\u2019IA G\u00c9N\u00c9RATIVE, LE TRAVAIL S\u2019HYBRIDE TOUJOURS PLUS, DE NOUVEAUX D\u00c9FIS SONT \u00c0 RELEVER\"}]},{\"@type\":\"WebSite\",\"@id\":\"https:\/\/www.arctus.com\/fr\/#website\",\"url\":\"https:\/\/www.arctus.com\/fr\/\",\"name\":\"Arctus\",\"description\":\"Expert en transformation digitale interne\",\"publisher\":{\"@id\":\"https:\/\/www.arctus.com\/fr\/#organization\"},\"potentialAction\":[{\"@type\":\"SearchAction\",\"target\":{\"@type\":\"EntryPoint\",\"urlTemplate\":\"https:\/\/www.arctus.com\/fr\/?s={search_term_string}\"},\"query-input\":{\"@type\":\"PropertyValueSpecification\",\"valueRequired\":true,\"valueName\":\"search_term_string\"}}],\"inLanguage\":\"fr-FR\"},{\"@type\":\"Organization\",\"@id\":\"https:\/\/www.arctus.com\/fr\/#organization\",\"name\":\"Arctus\",\"url\":\"https:\/\/www.arctus.com\/fr\/\",\"logo\":{\"@type\":\"ImageObject\",\"inLanguage\":\"fr-FR\",\"@id\":\"https:\/\/www.arctus.com\/fr\/#\/schema\/logo\/image\/\",\"url\":\"https:\/\/www.arctus.com\/wp-content\/uploads\/2022\/05\/arctus-logo-menu.png\",\"contentUrl\":\"https:\/\/www.arctus.com\/wp-content\/uploads\/2022\/05\/arctus-logo-menu.png\",\"width\":202,\"height\":66,\"caption\":\"Arctus\"},\"image\":{\"@id\":\"https:\/\/www.arctus.com\/fr\/#\/schema\/logo\/image\/\"},\"sameAs\":[\"https:\/\/www.linkedin.com\/company\/arctus\/\"]},{\"@type\":\"Person\",\"@id\":\"https:\/\/www.arctus.com\/fr\/#\/schema\/person\/efc8a36119e5ddb8c642a03bd0fb948d\",\"name\":\"Arctus\",\"image\":{\"@type\":\"ImageObject\",\"inLanguage\":\"fr-FR\",\"@id\":\"https:\/\/www.arctus.com\/fr\/#\/schema\/person\/image\/\",\"url\":\"https:\/\/secure.gravatar.com\/avatar\/c0ccc06f3f14f151eb563f7a7809730eaedef8f620faf68337676cc507e689ac?s=96&d=mm&r=g\",\"contentUrl\":\"https:\/\/secure.gravatar.com\/avatar\/c0ccc06f3f14f151eb563f7a7809730eaedef8f620faf68337676cc507e689ac?s=96&d=mm&r=g\",\"caption\":\"Arctus\"},\"url\":\"https:\/\/www.arctus.com\/fr\/author\/arctus\/\"}]}<\/script>\n<!-- \/ Yoast SEO Premium plugin. -->","yoast_head_json":{"title":"TRAVAIL S\u2019HYBRIDE & IA G\u00c9N\u00c9RATIVE : NOUVEAUX D\u00c9FIS","description":"D\u00e9couvrez les tendances du travail hybride & de l'IA g\u00e9n\u00e9rative enrichies par les avis de chercheurs, professionnels et prospectivistes.","robots":{"index":"index","follow":"follow","max-snippet":"max-snippet:-1","max-image-preview":"max-image-preview:large","max-video-preview":"max-video-preview:-1"},"canonical":"https:\/\/www.arctus.com\/fr\/ia-generative-travail-hybride\/","og_locale":"fr_FR","og_type":"article","og_title":"AVEC L\u2019IA G\u00c9N\u00c9RATIVE, LE TRAVAIL S\u2019HYBRIDE TOUJOURS PLUS, DE NOUVEAUX D\u00c9FIS SONT \u00c0 RELEVER","og_description":"D\u00e9couvrez les tendances du travail hybride & de l'IA g\u00e9n\u00e9rative enrichies par les avis de chercheurs, professionnels et prospectivistes.","og_url":"https:\/\/www.arctus.com\/fr\/ia-generative-travail-hybride\/","og_site_name":"Arctus","article_published_time":"2024-07-23T15:41:59+00:00","article_modified_time":"2025-04-23T16:25:09+00:00","og_image":[{"width":2560,"height":1439,"url":"https:\/\/www.arctus.com\/wp-content\/uploads\/2024\/07\/2h-media-hYjeZsxGQb0-unsplash-scaled.jpg","type":"image\/jpeg"}],"author":"Arctus","twitter_card":"summary_large_image","twitter_misc":{"\u00c9crit par":"Arctus","Dur\u00e9e de lecture estim\u00e9e":"8 minutes"},"schema":{"@context":"https:\/\/schema.org","@graph":[{"@type":"Article","@id":"https:\/\/www.arctus.com\/fr\/ia-generative-travail-hybride\/#article","isPartOf":{"@id":"https:\/\/www.arctus.com\/fr\/ia-generative-travail-hybride\/"},"author":{"name":"Arctus","@id":"https:\/\/www.arctus.com\/fr\/#\/schema\/person\/efc8a36119e5ddb8c642a03bd0fb948d"},"headline":"AVEC L\u2019IA G\u00c9N\u00c9RATIVE, LE TRAVAIL S\u2019HYBRIDE TOUJOURS PLUS, DE NOUVEAUX D\u00c9FIS SONT \u00c0 RELEVER","datePublished":"2024-07-23T15:41:59+00:00","dateModified":"2025-04-23T16:25:09+00:00","mainEntityOfPage":{"@id":"https:\/\/www.arctus.com\/fr\/ia-generative-travail-hybride\/"},"wordCount":1283,"publisher":{"@id":"https:\/\/www.arctus.com\/fr\/#organization"},"image":{"@id":"https:\/\/www.arctus.com\/fr\/ia-generative-travail-hybride\/#primaryimage"},"thumbnailUrl":"https:\/\/www.arctus.com\/wp-content\/uploads\/2024\/07\/2h-media-hYjeZsxGQb0-unsplash-scaled.jpg","inLanguage":"fr-FR"},{"@type":"WebPage","@id":"https:\/\/www.arctus.com\/fr\/ia-generative-travail-hybride\/","url":"https:\/\/www.arctus.com\/fr\/ia-generative-travail-hybride\/","name":"TRAVAIL S\u2019HYBRIDE & IA G\u00c9N\u00c9RATIVE : NOUVEAUX D\u00c9FIS","isPartOf":{"@id":"https:\/\/www.arctus.com\/fr\/#website"},"primaryImageOfPage":{"@id":"https:\/\/www.arctus.com\/fr\/ia-generative-travail-hybride\/#primaryimage"},"image":{"@id":"https:\/\/www.arctus.com\/fr\/ia-generative-travail-hybride\/#primaryimage"},"thumbnailUrl":"https:\/\/www.arctus.com\/wp-content\/uploads\/2024\/07\/2h-media-hYjeZsxGQb0-unsplash-scaled.jpg","datePublished":"2024-07-23T15:41:59+00:00","dateModified":"2025-04-23T16:25:09+00:00","description":"D\u00e9couvrez les tendances du travail hybride & de l'IA g\u00e9n\u00e9rative enrichies par les avis de chercheurs, professionnels et prospectivistes.","breadcrumb":{"@id":"https:\/\/www.arctus.com\/fr\/ia-generative-travail-hybride\/#breadcrumb"},"inLanguage":"fr-FR","potentialAction":[{"@type":"ReadAction","target":["https:\/\/www.arctus.com\/fr\/ia-generative-travail-hybride\/"]}]},{"@type":"ImageObject","inLanguage":"fr-FR","@id":"https:\/\/www.arctus.com\/fr\/ia-generative-travail-hybride\/#primaryimage","url":"https:\/\/www.arctus.com\/wp-content\/uploads\/2024\/07\/2h-media-hYjeZsxGQb0-unsplash-scaled.jpg","contentUrl":"https:\/\/www.arctus.com\/wp-content\/uploads\/2024\/07\/2h-media-hYjeZsxGQb0-unsplash-scaled.jpg","width":2560,"height":1439,"caption":"IA g\u00e9n\u00e9rative travail hybride ordinateur r\u00e9union bureau"},{"@type":"BreadcrumbList","@id":"https:\/\/www.arctus.com\/fr\/ia-generative-travail-hybride\/#breadcrumb","itemListElement":[{"@type":"ListItem","position":1,"name":"Accueil","item":"https:\/\/www.arctus.com\/"},{"@type":"ListItem","position":2,"name":"AVEC L\u2019IA G\u00c9N\u00c9RATIVE, LE TRAVAIL S\u2019HYBRIDE TOUJOURS PLUS, DE NOUVEAUX D\u00c9FIS SONT \u00c0 RELEVER"}]},{"@type":"WebSite","@id":"https:\/\/www.arctus.com\/fr\/#website","url":"https:\/\/www.arctus.com\/fr\/","name":"Arctus","description":"Expert en transformation digitale interne","publisher":{"@id":"https:\/\/www.arctus.com\/fr\/#organization"},"potentialAction":[{"@type":"SearchAction","target":{"@type":"EntryPoint","urlTemplate":"https:\/\/www.arctus.com\/fr\/?s={search_term_string}"},"query-input":{"@type":"PropertyValueSpecification","valueRequired":true,"valueName":"search_term_string"}}],"inLanguage":"fr-FR"},{"@type":"Organization","@id":"https:\/\/www.arctus.com\/fr\/#organization","name":"Arctus","url":"https:\/\/www.arctus.com\/fr\/","logo":{"@type":"ImageObject","inLanguage":"fr-FR","@id":"https:\/\/www.arctus.com\/fr\/#\/schema\/logo\/image\/","url":"https:\/\/www.arctus.com\/wp-content\/uploads\/2022\/05\/arctus-logo-menu.png","contentUrl":"https:\/\/www.arctus.com\/wp-content\/uploads\/2022\/05\/arctus-logo-menu.png","width":202,"height":66,"caption":"Arctus"},"image":{"@id":"https:\/\/www.arctus.com\/fr\/#\/schema\/logo\/image\/"},"sameAs":["https:\/\/www.linkedin.com\/company\/arctus\/"]},{"@type":"Person","@id":"https:\/\/www.arctus.com\/fr\/#\/schema\/person\/efc8a36119e5ddb8c642a03bd0fb948d","name":"Arctus","image":{"@type":"ImageObject","inLanguage":"fr-FR","@id":"https:\/\/www.arctus.com\/fr\/#\/schema\/person\/image\/","url":"https:\/\/secure.gravatar.com\/avatar\/c0ccc06f3f14f151eb563f7a7809730eaedef8f620faf68337676cc507e689ac?s=96&d=mm&r=g","contentUrl":"https:\/\/secure.gravatar.com\/avatar\/c0ccc06f3f14f151eb563f7a7809730eaedef8f620faf68337676cc507e689ac?s=96&d=mm&r=g","caption":"Arctus"},"url":"https:\/\/www.arctus.com\/fr\/author\/arctus\/"}]}},"_links":{"self":[{"href":"https:\/\/www.arctus.com\/fr\/wp-json\/wp\/v2\/posts\/14325","targetHints":{"allow":["GET"]}}],"collection":[{"href":"https:\/\/www.arctus.com\/fr\/wp-json\/wp\/v2\/posts"}],"about":[{"href":"https:\/\/www.arctus.com\/fr\/wp-json\/wp\/v2\/types\/post"}],"author":[{"embeddable":true,"href":"https:\/\/www.arctus.com\/fr\/wp-json\/wp\/v2\/users\/2"}],"replies":[{"embeddable":true,"href":"https:\/\/www.arctus.com\/fr\/wp-json\/wp\/v2\/comments?post=14325"}],"version-history":[{"count":4,"href":"https:\/\/www.arctus.com\/fr\/wp-json\/wp\/v2\/posts\/14325\/revisions"}],"predecessor-version":[{"id":14662,"href":"https:\/\/www.arctus.com\/fr\/wp-json\/wp\/v2\/posts\/14325\/revisions\/14662"}],"wp:featuredmedia":[{"embeddable":true,"href":"https:\/\/www.arctus.com\/fr\/wp-json\/wp\/v2\/media\/14379"}],"wp:attachment":[{"href":"https:\/\/www.arctus.com\/fr\/wp-json\/wp\/v2\/media?parent=14325"}],"wp:term":[{"taxonomy":"category","embeddable":true,"href":"https:\/\/www.arctus.com\/fr\/wp-json\/wp\/v2\/categories?post=14325"},{"taxonomy":"post_tag","embeddable":true,"href":"https:\/\/www.arctus.com\/fr\/wp-json\/wp\/v2\/tags?post=14325"}],"curies":[{"name":"wp","href":"https:\/\/api.w.org\/{rel}","templated":true}]}}