{"id":8986,"date":"2022-12-21T17:51:33","date_gmt":"2022-12-21T16:51:33","guid":{"rendered":"https:\/\/www.arctus.com\/?p=8986"},"modified":"2025-07-10T16:09:48","modified_gmt":"2025-07-10T14:09:48","slug":"teletravail-management-communication-nouveau-monde","status":"publish","type":"post","link":"https:\/\/www.arctus.com\/fr\/teletravail-management-communication-nouveau-monde\/","title":{"rendered":"T\u00c9L\u00c9TRAVAIL, MANAGEMENT ET COMMUNICATION : VERS UN NOUVEAU MONDE ?"},"content":{"rendered":"<span class=\"span-reading-time rt-reading-time\"><span class=\"rt-label rt-prefix\">Temps de lecture :<\/span> <span class=\"rt-time\"> 7<\/span> <span class=\"rt-label rt-postfix\">minutes<\/span><\/span>\n<p>Travailler en \u00ab pr\u00e9sentiel \u00bb ou en \u00ab distanciel \u00bb. Ces expressions<br \/>\nt\u00e9moignent de nouvelles approches du travail et ont des<br \/>\nimplications dont nous commen\u00e7ons seulement \u00e0 prendre<br \/>\nconscience. Les lieux physiques sont en question, de m\u00eame<br \/>\nque la maturit\u00e9 digitale, l\u2019adaptation du management et la<br \/>\ncommunication. <\/p>\n<p> Les enseignements d\u2019\u00e9tudes de <u>l\u2019Observatoire du travail hybride<\/u> et du management digital du cabinet de conseil Arctus ainsi que de <u>l\u2019Observatoire du New Normal au Travail<\/u> fond\u00e9 et pilot\u00e9 par Aur\u00e9lie Dud\u00e9zert (Institut MinesT\u00e9l\u00e9com Business School) <b><u>(1)<\/u><\/b> nous \u00e9clairent sur le sujet.<\/p>\n<p><img decoding=\"async\" src=\"https:\/\/www.arctus.com\/wp-content\/uploads\/2022\/07\/afci-300x120.png\" alt=\"\" width=\"63\" height=\"25\" \/><\/p>\n<p style=\"text-align: center;\"><em>Cet article a fait l&rsquo;objet d&rsquo;une publication dans <a href=\"https:\/\/www.afci.asso.fr\/publications\/cahiers-de-la-communication-interne\/tous-les-cahiers\/\" target=\"_blank\" rel=\"noopener\">Les Cahiers de communication interne n\u00b048<\/a>\u00a0<br \/>de l&rsquo;association fran\u00e7aise de communication interne (<a href=\"https:\/\/www.afci.asso.fr\/\" target=\"_blank\" rel=\"noopener\">AFCI<\/a>).<\/em><\/p>\n<h2>Adapter les lieux de vie professionnels<br \/>\n<\/h2>\n<p>La nouvelle donne du travail questionne les lieux de vie professionnels et en particulier les bureaux. <b>Deux domaines<\/b> doivent \u00e9voluer pour soutenir la transformation du travail. <b><\/b><\/p>\n<p>\u00a0<\/p>\n<p><b>L\u2019am\u00e9nagement des lieux<\/b> est un premier sujet. Il s\u2019agit, par la modulation des espaces, de distinguer les zones et la nature des interactions envisageables : lieux silencieux, lieux o\u00f9 l\u2019interaction est possible, lieux de r\u00e9union avec des variantes en termes d\u2019\u00e9quipement pour permettre des exp\u00e9riences hybrides, immersives, etc.<\/p>\n<p>Le second concerne <b>les r\u00e8gles d\u2019usage<\/b> attach\u00e9es \u00e0 ces lieux. Comme l\u2019indique <u>Aur\u00e9lie Dud\u00e9zert<\/u>, <i>\u00ab il est n\u00e9cessaire de mettre en place des r\u00e8gles d\u2019occupation des espaces de travail au m\u00eame titre que le nombre de jours en t\u00e9l\u00e9travail est d\u00e9termin\u00e9 ou que les t\u00e2ches qui n\u00e9cessitent d\u2019\u00eatre en pr\u00e9sentiel, distanciel ou en mode hybride sont d\u00e9finies \u00bb<\/i>.<\/p>\n<p>\u00a0<\/p>\n<p>On retiendra par ailleurs, comme indiqu\u00e9 par <u>l\u2019Observatoire du travail hybride<\/u>, que pr\u00e8s <b>d\u2019un tiers<\/b> des entreprises <b>participent <\/b>aux <b>frais d\u2019am\u00e9nagement<\/b> du bureau \u00e0 domicile, compl\u00e9t\u00e9 par la fourniture d\u2019outils permettant le nomadisme dans 2\/3 des cas.<\/p>\n<p>\t\t\t\t\t\t\t\t\t\t\t\t\t\t\t<img loading=\"lazy\" decoding=\"async\" width=\"800\" height=\"453\" src=\"https:\/\/www.arctus.com\/wp-content\/uploads\/2022\/12\/visuel-article-3-1024x580.png\" alt=\"\" loading=\"lazy\" srcset=\"https:\/\/www.arctus.com\/wp-content\/uploads\/2022\/12\/visuel-article-3-1024x580.png 1024w, https:\/\/www.arctus.com\/wp-content\/uploads\/2022\/12\/visuel-article-3-300x170.png 300w, https:\/\/www.arctus.com\/wp-content\/uploads\/2022\/12\/visuel-article-3-768x435.png 768w, https:\/\/www.arctus.com\/wp-content\/uploads\/2022\/12\/visuel-article-3-1536x870.png 1536w, https:\/\/www.arctus.com\/wp-content\/uploads\/2022\/12\/visuel-article-3-2048x1160.png 2048w, https:\/\/www.arctus.com\/wp-content\/uploads\/2022\/12\/visuel-article-3-18x10.png 18w\" sizes=\"auto, (max-width: 800px) 100vw, 800px\" \/>\t\t\t\t\t\t\t\t\t\t\t\t\t\t\t<\/p>\n<h2>D\u00e9velopper la maturit\u00e9 digitale de tous les acteurs<\/h2>\n<p>Ces deux derni\u00e8res ann\u00e9es d\u2019exp\u00e9rimentation et de normalisation de <b>nouveaux modes de travail<\/b> ont eu un pouvoir acc\u00e9l\u00e9rateur aussi bien du point de vue de la production que des formes de collaboration.<\/p>\n<p>\u00a0<\/p>\n<p>Deux indicateurs l\u2019illustrent clairement : le <b>taux d\u2019\u00e9quipement en outils<\/b> permettant le travail hybride et la <b>fr\u00e9quence des accords de t\u00e9l\u00e9travail<\/b> dans les entreprises o\u00f9 les m\u00e9tiers sont \u00ab t\u00e9l\u00e9travaillables \u00bb. Pourtant l\u2019adaptation \u00e0 l\u2019usage de ces outils pose encore probl\u00e8me dans de nombreuses \u00e9quipes. Il reste aussi \u00e0 connecter les <i>deskless workers<\/i>, souvent oubli\u00e9s, comme l\u2019indiquent les directions de la communication.<\/p>\n<p>\u00a0<\/p>\n<p>C\u2019est \u00e0 ce prix que les \u00e9quipes pourront <b>partager une exp\u00e9rience digitale commune <\/b>et disposer d\u2019un niveau d\u2019information similaire. Une condition n\u00e9cessaire en tout cas pour garantir un sentiment d\u2019appartenance \u00e0 un collectif.<\/p>\n<h2>Accompagner les managers dans l\u2019\u00e9volution de leurs pratiques<\/h2>\n<p>\t\t\t\t\t\t\t\t\t\t\t\t\t\t\t<img loading=\"lazy\" decoding=\"async\" width=\"800\" height=\"600\" src=\"https:\/\/www.arctus.com\/wp-content\/uploads\/2022\/12\/support-1024x768.png\" alt=\"\" loading=\"lazy\" srcset=\"https:\/\/www.arctus.com\/wp-content\/uploads\/2022\/12\/support-1024x768.png 1024w, https:\/\/www.arctus.com\/wp-content\/uploads\/2022\/12\/support-300x225.png 300w, https:\/\/www.arctus.com\/wp-content\/uploads\/2022\/12\/support-768x576.png 768w, https:\/\/www.arctus.com\/wp-content\/uploads\/2022\/12\/support-1536x1152.png 1536w, https:\/\/www.arctus.com\/wp-content\/uploads\/2022\/12\/support-16x12.png 16w, https:\/\/www.arctus.com\/wp-content\/uploads\/2022\/12\/support.png 1600w\" sizes=\"auto, (max-width: 800px) 100vw, 800px\" \/>\t\t\t\t\t\t\t\t\t\t\t\t\t\t\t<\/p>\n<p>Avec le d\u00e9ploiement des outils digitaux, le management acc\u00e9l\u00e8re sa <b>mutation<\/b>, se diversifie dans ses modalit\u00e9s d&rsquo;interactions et se complexifie dans la mani\u00e8re de g\u00e9rer les relations. Travers\u00e9s par des <b>changements <\/b>dont ils n\u2019ont pas le contr\u00f4le, les managers <b>suivent <\/b>en tout cas <b>le mouvement et l\u2019acculturation au digital<\/b> a lieu dans la majeure partie des cas, selon <u>l\u2019Observatoire du travail hybride<\/u>.<\/p>\n<p>\u00a0<\/p>\n<p>Il leur reste d\u00e9sormais \u00e0 savoir <b>animer les \u00e9quipes<\/b> \u00e0 distance, ce qui constitue un incontestable d\u00e9fi. Les salari\u00e9s expriment en effet des attentes fortes. Ils consid\u00e8rent tr\u00e8s majoritairement l\u2019hybridation du travail comme une opportunit\u00e9 pour d\u00e9velopper leur autonomie. Mais ils attendent aussi <b>plus de confiance<\/b> de la part de leurs managers.<\/p>\n<p>\u00a0<\/p>\n<p>Comme l\u2019indique <u>l\u2019Observatoire du New Normal au travail<\/u>, il faut contr\u00f4ler les r\u00e9sultats et non les moyens et le faire en ayant recours aux outils digitaux et en formalisant les actions. Les managers doivent, en premier lieu, <b>rendre <\/b>leurs \u00e9quipes <b>plus autonomes<\/b>. On voit que le gain d\u2019autonomie doit aller de pair avec la confiance. Il y a l\u00e0 \u00e0 la fois une demande des salari\u00e9s et une opportunit\u00e9 de d\u00e9veloppement du t\u00e9l\u00e9travail.<\/p>\n<h2>Apprendre \u00e0 communiquer dans un monde hybride<\/h2>\n<p>Les enjeux pour les communicants internes sont nombreux, m\u00eame si le niveau de leur engagement proprement dit sur ces projets est encore embryonnaire. Ils ne sont que<b> 7% <\/b>\u00e0 porter principalement la <b>conduite du changement<\/b> li\u00e9e au travail hybride selon<u> l\u2018Observatoire du travail hybride<\/u>.<\/p>\n<p>\u00a0<\/p>\n<p>Leur travail consiste au d\u00e9part \u00e0 r\u00e9fl\u00e9chir aux situations dans lesquelles se trouvent les diff\u00e9rents types de salari\u00e9s pour adapter les formats et les contenus. Dans un contexte d\u2019atomisation des situations d\u2019usage, il y a d\u00e9multiplication des supports de plus en plus souvent multim\u00e9dia et interactifs. On note aussi une demande expresse de plus grande <b>transparence <\/b>et de plus grande <b>clart\u00e9 <\/b>de la part des salari\u00e9s. L\u2019opacit\u00e9 et le travestissement ne sont plus de mise. La demande de \u00ab <b>parler vrai<\/b> \u00bb s\u2019impose.<\/p>\n<p>\u00a0<\/p>\n<p>En situation de changement, il est imp\u00e9ratif de communiquer activement, en phase avec l\u2019acc\u00e9l\u00e9ration du rythme. En situation de transformation, les rep\u00e8res \u00e9tablis volent en \u00e9clats et c\u2019est bien en \u00e9mettant des messages clairs et r\u00e9guliers que l\u2019on peut construire un nouveau fonctionnement et f\u00e9d\u00e9rer le collectif autour de modalit\u00e9s de travail partag\u00e9es.<\/p>\n<p>\t\t\t\t\t\t\t\t\t\t\t\t\t\t\t<img loading=\"lazy\" decoding=\"async\" width=\"800\" height=\"600\" src=\"https:\/\/www.arctus.com\/wp-content\/uploads\/2022\/12\/blog-1024x768.png\" alt=\"\" loading=\"lazy\" srcset=\"https:\/\/www.arctus.com\/wp-content\/uploads\/2022\/12\/blog-1024x768.png 1024w, https:\/\/www.arctus.com\/wp-content\/uploads\/2022\/12\/blog-300x225.png 300w, https:\/\/www.arctus.com\/wp-content\/uploads\/2022\/12\/blog-768x576.png 768w, https:\/\/www.arctus.com\/wp-content\/uploads\/2022\/12\/blog-1536x1152.png 1536w, https:\/\/www.arctus.com\/wp-content\/uploads\/2022\/12\/blog-16x12.png 16w, https:\/\/www.arctus.com\/wp-content\/uploads\/2022\/12\/blog.png 1600w\" sizes=\"auto, (max-width: 800px) 100vw, 800px\" \/>\t\t\t\t\t\t\t\t\t\t\t\t\t\t\t<\/p>\n<h2>Vers de nouvelles fa\u00e7ons de travailler et de communiquer<\/h2>\n<p>Le t\u00e9l\u00e9travail est aujourd\u2019hui encore le plus souvent trait\u00e9 comme une version d\u00e9localis\u00e9e du travail sur site, engendrant <b>frustration <\/b>et <b>d\u00e9sengagement<\/b>.<\/p>\n<p>\u00a0<\/p>\n<p>Il est essentiel d\u2019en prendre conscience pour accompagner les managers dans leurs pratiques, <b>former <\/b>l\u2019ensemble des utilisateurs au bon usage des outils digitaux et veiller \u00e0 revoir la gestion de l\u2019espace professionnel pour rendre l\u2019exp\u00e9rience sur le lieu de travail plus engageante.<\/p>\n<p>\u00a0<\/p>\n<p>A cela s\u2019ajoute un \u00e9l\u00e9ment de contexte : celui de la <b>crise sanitaire<\/b>. Cet \u00e9v\u00e8nement a rebattu les cartes et sans doute fait bouger les lignes quant \u00e0 la place qu\u2019occupe d\u00e9sormais le travail dans la vie des salari\u00e9s.<\/p>\n<p>\u00a0<\/p>\n<p>Beaucoup sont \u00e0 la recherche d\u2019un meilleur <b>\u00e9quilibre <\/b>de vie et aspirent \u00e0 trouver sens et \u00e9panouissement dans leur expression professionnelle.<\/p>\n<p>\u00a0<\/p>\n<p>La communication interne, qui a eu \u00e0 g\u00e9rer une communication li\u00e9e \u00e0 la crise sanitaire, va devoir s\u2019atteler \u00e0 un nouveau chantier : <b>accompagner les managers <\/b>dans la <b>communication <\/b>et <b>l\u2019appropriation <\/b>des nouvelles fa\u00e7ons de travailler. Elle a aussi \u00e0 inventer de nouveaux outils pour rendre la diffusion des messages adapt\u00e9s \u00e0 la d\u00e9localisation du travail et \u00e0 son hybridation.<\/p>\n<p>\u00a0<\/p>\n<p>Pour recr\u00e9er du lien et <b>f\u00e9d\u00e9rer<\/b>, le r\u00f4le de la communication interne est essentiel. Une communication plus proche, plus \u00e9motionnelle parfois et plus authentique toujours.<\/p>\n<p>\t\t\t\t\t\t\t\t\t\t\t\t\t\t\t<img loading=\"lazy\" decoding=\"async\" width=\"800\" height=\"457\" src=\"https:\/\/www.arctus.com\/wp-content\/uploads\/2022\/12\/Image1.png\" alt=\"\" loading=\"lazy\" srcset=\"https:\/\/www.arctus.com\/wp-content\/uploads\/2022\/12\/Image1.png 969w, https:\/\/www.arctus.com\/wp-content\/uploads\/2022\/12\/Image1-300x171.png 300w, https:\/\/www.arctus.com\/wp-content\/uploads\/2022\/12\/Image1-768x438.png 768w, https:\/\/www.arctus.com\/wp-content\/uploads\/2022\/12\/Image1-18x10.png 18w\" sizes=\"auto, (max-width: 800px) 100vw, 800px\" \/>\t\t\t\t\t\t\t\t\t\t\t\t\t\t\t<\/p>\n<p style=\"text-align: center;\"><strong>L\u2019OBSERVATOIRE <br \/>DU NEW NORMAL AU TRAVAIL<\/strong> <\/p>\n<p><strong>Objectif<\/strong><\/p>\n<p><em>L\u2019objet de l\u2019Observatoire est de r\u00e9aliser une \u00e9tude longitudinale (observation r\u00e9p\u00e9t\u00e9e dans le temps d\u2019un ph\u00e9nom\u00e8ne et\/ou d\u2019un \u00e9chantillon d\u2019individus) pour comprendre la transformation des organisations et des modes de travail au fil du temps.<\/em><\/p>\n<p><strong>M\u00e9thodologie<\/strong><\/p>\n<ul>\n<li>\n<p>Organisation de 4 focus groups mensuels de 1h30 de janvier \u00e0 avril de chaque ann\u00e9e en distanciel<\/p>\n<\/li>\n<li>\n<p>Un m\u00eame groupe compos\u00e9 d\u2019une vingtaine de personnes expertes s\u00e9lectionn\u00e9es pour leur exp\u00e9rience et leurs capacit\u00e9s r\u00e9flexives sur l\u2019\u00e9volution des pratiques de travail. Ces personnes travaillent \u00e0 des postes vari\u00e9s issus de la fonction RH ou de fonctions li\u00e9es \u00e0 la transformation digitale d\u2019entreprises ou de secteurs d\u2019activit\u00e9 et de tailles l\u00e0-aussi vari\u00e9s : Air Liquide, Banque de France, BNPParibas, CHU de Poitiers, Conseil D\u00e9partemental 16, DGA, FDJ, Formind, Keolis, Michelin, Neocase, SNCF, Total Energies.<\/p>\n<\/li>\n<li>R\u00e9flexion autour de plusieurs th\u00e9matiques concernant le New Normal au travail (NNT) : le t\u00e9l\u00e9travail, les r\u00e8gles de travail, le collectif (clans\/communaut\u00e9s), les attentes des individus.<\/li>\n<\/ul>\n<p><strong>Synth\u00e8se des enseignements<\/strong><\/p>\n<ul>\n<li>\n<p>Le t\u00e9l\u00e9travail n\u2019est pas \u00ab le \u00bb travail, le NNT combine plusieurs modes de travail<\/p>\n<\/li>\n<li>\n<p>Les r\u00e8gles actuelles sont inadapt\u00e9es et, lorsque les modes de r\u00e9gulation du NNT ne sont pas encore invent\u00e9es, cela met les managers en difficult\u00e9<\/p>\n<\/li>\n<li>Les individus aspirent \u00e0 faire librement des choix de vie avec un mode de travail qui s\u2019adapte \u00e0 leurs besoins et aspirations. Les managers apprennent \u00e0 composer avec cette nouvelle donne.<\/li>\n<\/ul>\n<p><u>L\u2019Observatoire <\/u>a \u00e9t\u00e9 fond\u00e9 par <b>Aur\u00e9lie Dudezert et Florence Laval<\/b>. Il est d\u00e9velopp\u00e9 et pilot\u00e9 avec le soutien de l\u2019Institut Mines T\u00e9l\u00e9com Business School et l\u2019IAE de Poitiers.<\/p>\n<p><a style=\"color: #000080; text-decoration: underline;\" href=\"https:\/\/observatoirennt.wixsite.com\/observatoire-nnt\" target=\"_blank\" rel=\"noopener\">https:\/\/observatoirennt.wixsite.com\/observatoire-nnt<\/a><\/p>\n<p>\t\t\t\t\t\t\t\t\t\t\t\t\t\t\t\t<a href=\"https:\/\/observatoirennt.wixsite.com\/observatoire-nnt\" target=\"_blank\" rel=\"nofollow noopener\"><br \/>\n\t\t\t\t\t\t\t<img loading=\"lazy\" decoding=\"async\" width=\"150\" height=\"150\" src=\"https:\/\/www.arctus.com\/wp-content\/uploads\/2022\/12\/QR-Obs-Wixsite-nnt-150x150.png\" alt=\"\" loading=\"lazy\" srcset=\"https:\/\/www.arctus.com\/wp-content\/uploads\/2022\/12\/QR-Obs-Wixsite-nnt-150x150.png 150w, https:\/\/www.arctus.com\/wp-content\/uploads\/2022\/12\/QR-Obs-Wixsite-nnt-298x300.png 298w, https:\/\/www.arctus.com\/wp-content\/uploads\/2022\/12\/QR-Obs-Wixsite-nnt-12x12.png 12w, https:\/\/www.arctus.com\/wp-content\/uploads\/2022\/12\/QR-Obs-Wixsite-nnt.png 301w\" sizes=\"auto, (max-width: 150px) 100vw, 150px\" \/>\t\t\t\t\t\t\t\t<\/a><\/p>\n<p style=\"text-align: center;\"><strong>L&rsquo;OBSERVATOIRE DU TRAVAIL HYBRIDE <br \/>ET DU MANAGEMENT DIGITAL<\/strong><\/p>\n<p>\u00a0<\/p>\n<p><strong>Objectif<\/strong><\/p>\n<p><em>Mesurer l&rsquo;adaptation des organisations \u00e0 l&rsquo;hybridation du travail, sous le prisme des outils digitaux et du management des \u00e9quipes, capter les signaux qui porteront le changement dans les organisations dans les prochaines ann\u00e9es, technologiquement et humainement.<\/em><\/p>\n<p>\u00a0<\/p>\n<p>Pour cette premi\u00e8re \u00e9dition le questionnement se concentre sur :<\/p>\n<ul>\n<li>Le management digital (ex : enjeux, b\u00e9n\u00e9fices, risques, comp\u00e9tences, indicateurs de r\u00e9ussite&#8230;)<\/li>\n<li>Les outils de l\u2019hybridation du travail (ex : dispositifs et mesures mis en place ou \u00e0 venir, solution de communication, de collaboration, \u00e9quipements et nouvelles fonctionnalit\u00e9s&#8230;)<\/li>\n<li>La conduite du changement associ\u00e9e \u00e0 cette transformation (ex : maturit\u00e9 digitale, gouvernance et leadership, organisation&#8230;)<\/li>\n<\/ul>\n<p>\u00a0<\/p>\n<p><strong>M\u00e9thodologie<\/strong><\/p>\n<p>Enqu\u00eate r\u00e9alis\u00e9e aupr\u00e8s 829 r\u00e9pondants issus de 752 entreprises fran\u00e7aises de toute taille des secteurs d\u2019activit\u00e9 des services, de l\u2019agroalimentaire, de l\u2019industrie et du service public, soit + de 4,5 millions de salari\u00e9s repr\u00e9sent\u00e9s, \u00e0 travers un questionnaire en ligne ouvert du 1er f\u00e9vrier au 7 avril 2022.<\/p>\n<p>\u00a0<\/p>\n<p><strong>Synth\u00e8se des enseignements<\/strong><\/p>\n<p>Hybridation du travail : une \u00e9volution in\u00e9luctable mais inachev\u00e9e.<\/p>\n<ul>\n<li>Nouvelle posture des managers attendue : autonomie et confiance<\/li>\n<li>Acc\u00e9l\u00e9ration depuis 2 ans des nouvelles pratiques et de l\u2019adoption des outils associ\u00e9s<\/li>\n<li>Peu d\u2019initiatives originales pour accompagner les personnes<\/li>\n<li>La DG et la DSI en premi\u00e8re ligne pour la gestion du changement.<\/li>\n<\/ul>\n<p><u>L\u2018Observatoire du travail hybride<\/u> et du management digital a \u00e9t\u00e9 cr\u00e9\u00e9 par <b>Arctus<\/b>, soci\u00e9t\u00e9 de conseil en transformation num\u00e9rique interne.<\/p>\n<p>\u00a0<\/p>\n<p><a style=\"color: #0000ff; text-decoration: underline;\" href=\"https:\/\/www.observatoire-travail-hybride.com\/\" target=\"_blank\" rel=\"noopener\">https:\/\/www.observatoire-travail-hybride.com\/<\/a><\/p>\n<p>\t\t\t\t\t\t\t\t\t\t\t\t\t\t\t\t<a href=\"https:\/\/www.observatoire-travail-hybride.com\/\" target=\"_blank\" rel=\"nofollow noopener\"><br \/>\n\t\t\t\t\t\t\t<img loading=\"lazy\" decoding=\"async\" width=\"150\" height=\"150\" src=\"https:\/\/www.arctus.com\/wp-content\/uploads\/2022\/12\/QR-Obs-TH-Arctus-150x150.png\" alt=\"\" loading=\"lazy\" srcset=\"https:\/\/www.arctus.com\/wp-content\/uploads\/2022\/12\/QR-Obs-TH-Arctus-150x150.png 150w, https:\/\/www.arctus.com\/wp-content\/uploads\/2022\/12\/QR-Obs-TH-Arctus-12x12.png 12w, https:\/\/www.arctus.com\/wp-content\/uploads\/2022\/12\/QR-Obs-TH-Arctus.png 300w\" sizes=\"auto, (max-width: 150px) 100vw, 150px\" \/>\t\t\t\t\t\t\t\t<\/a><\/p>\n<p><em>(1) Aur\u00e9lie Dud\u00e9zert est responsable du IS Lab IMT BS. Habilit\u00e9e \u00e0 diriger les recherches et agr\u00e9g\u00e9e des Universit\u00e9s en Management des Syst\u00e8mes <\/em><em>d&rsquo;Information, elle \u00e9tudie les transformations organisationnelles li\u00e9es \u00e0 l&rsquo;utilisation des technologies collaboratives dans les pratiques de travail. <\/em><em>Elle est l\u2019auteure d\u2019articles scientifiques et d&rsquo;ouvrages, membre de comit\u00e9s \u00e9ditoriaux de revues scientifiques et elle appartient au Business Science <\/em><em>Institute, une institution internationale ind\u00e9pendante dont l&rsquo;objectif est de d\u00e9velopper l&rsquo;enseignement des cadres d\u2019entreprise au niveau doctoral <\/em><em>dans le monde entier.<\/em><\/p>\n<p>\t\t\t\t\t\t\t\t\t\t\t\t\t\t\t<img loading=\"lazy\" decoding=\"async\" width=\"212\" height=\"300\" src=\"https:\/\/www.arctus.com\/wp-content\/uploads\/2022\/12\/AFCI-couv-article-e1671811815830-212x300.png\" alt=\"\" loading=\"lazy\" srcset=\"https:\/\/www.arctus.com\/wp-content\/uploads\/2022\/12\/AFCI-couv-article-e1671811815830-212x300.png 212w, https:\/\/www.arctus.com\/wp-content\/uploads\/2022\/12\/AFCI-couv-article-e1671811815830-8x12.png 8w, https:\/\/www.arctus.com\/wp-content\/uploads\/2022\/12\/AFCI-couv-article-e1671811815830.png 530w\" sizes=\"auto, (max-width: 212px) 100vw, 212px\" \/>\t\t\t\t\t\t\t\t\t\t\t\t\t\t\t<\/p>\n<p style=\"text-align: center;\"><strong>Pour obtenir plus de d\u00e9tails sur <\/strong><br \/><strong>les pr\u00e9c\u00e9dentes \u00e9ditions <\/strong><br \/><strong>des Cahiers de la communication interne :\u00a0<\/strong><\/p>\n<p>\t\t\t<a href=\"https:\/\/www.afci.asso.fr\/publications\/cahiers-de-la-communication-interne\/tous-les-cahiers\/\" target=\"_blank\" rel=\"nofollow noopener\" role=\"button\"><br \/>\n\t\t\t\t\t\tCliquez ici<br \/>\n\t\t\t\t\t<\/a><\/p>\n<p><img decoding=\"async\" src=\"https:\/\/www.arctus.com\/wp-content\/uploads\/2022\/08\/afci_home_slider-300x120.png\" alt=\"\" width=\"148\" height=\"59\" \/><\/p>\n<p>\t\t\t<a href=\"\/blog\/\" role=\"button\"><br \/>\n\t\t\t\t<svg xmlns=\"http:\/\/www.w3.org\/2000\/svg\" width=\"44\" height=\"30\" viewBox=\"0 0 44 30\" fill=\"none\"><path d=\"M43.4142 16.4142C44.1953 15.6332 44.1953 14.3668 43.4142 13.5858L30.6863 0.857867C29.9052 0.0768184 28.6389 0.0768183 27.8579 0.857867C27.0768 1.63892 27.0768 2.90525 27.8579 3.68629L39.1716 15L27.8579 26.3137C27.0768 27.0948 27.0768 28.3611 27.8579 29.1421C28.6389 29.9232 29.9052 29.9232 30.6863 29.1421L43.4142 16.4142ZM-1.74846e-07 17L42 17L42 13L1.74846e-07 13L-1.74846e-07 17Z\" fill=\"#00316B\"><\/path><\/svg><br \/>\n\t\t\t\t\t\tRETOUR AUX ARTICLES<br \/>\n\t\t\t\t\t<\/a><\/p>\n<h2>CES ARTICLES <br \/>PEUVENT VOUS INT\u00c9RESSER<\/h2>\n<h2>UNE QUESTION, UN PROJET<\/h2>\n<p>\t\tNous nous tenons \u00e0 votre disposition !<br \/>\n\t\t\t<a href=\"\/contact\/\" role=\"button\"><br \/>\n\t\t\t\t<svg xmlns=\"http:\/\/www.w3.org\/2000\/svg\" width=\"44\" height=\"30\" viewBox=\"0 0 44 30\" fill=\"none\"><path d=\"M43.4142 16.4142C44.1953 15.6332 44.1953 14.3668 43.4142 13.5858L30.6863 0.857867C29.9052 0.0768184 28.6389 0.0768183 27.8579 0.857867C27.0768 1.63892 27.0768 2.90525 27.8579 3.68629L39.1716 15L27.8579 26.3137C27.0768 27.0948 27.0768 28.3611 27.8579 29.1421C28.6389 29.9232 29.9052 29.9232 30.6863 29.1421L43.4142 16.4142ZM-1.74846e-07 17L42 17L42 13L1.74846e-07 13L-1.74846e-07 17Z\" fill=\"white\"><\/path><\/svg><br \/>\n\t\t\t\t\t\tCONTACTEZ-NOUS<br \/>\n\t\t\t\t\t<\/a><\/p>\n<h2>NEWSLETTER<\/h2>\n<p>\t\tPour ne rien rater, abonnez-vous \u00e0 la newsletter d\u2019Arctus<br \/>\n\t\t\t<a href=\"https:\/\/arctus.us6.list-manage.com\/subscribe?u=e0c770a160f747e0d4b0e7f4b&#038;id=04d57c341d\" target=\"_blank\" rel=\"nofollow noopener\" role=\"button\"><br \/>\n\t\t\t\t<svg xmlns=\"http:\/\/www.w3.org\/2000\/svg\" width=\"44\" height=\"30\" viewBox=\"0 0 44 30\" fill=\"none\"><path d=\"M43.4142 16.4142C44.1953 15.6332 44.1953 14.3668 43.4142 13.5858L30.6863 0.857867C29.9052 0.0768184 28.6389 0.0768183 27.8579 0.857867C27.0768 1.63892 27.0768 2.90525 27.8579 3.68629L39.1716 15L27.8579 26.3137C27.0768 27.0948 27.0768 28.3611 27.8579 29.1421C28.6389 29.9232 29.9052 29.9232 30.6863 29.1421L43.4142 16.4142ZM-1.74846e-07 17L42 17L42 13L1.74846e-07 13L-1.74846e-07 17Z\" fill=\"#00316B\"><\/path><\/svg><br \/>\n\t\t\t\t\t\tS\u2019ABONNER<br \/>\n\t\t\t\t\t<\/a><\/p>\n","protected":false},"excerpt":{"rendered":"<p>Travailler en \u00ab pr\u00e9sentiel \u00bb ou en \u00ab distanciel \u00bb. Ces expressions t\u00e9moignent de nouvelles approches du travail et ont des implications dont nous commen\u00e7ons seulement \u00e0 prendre conscience. Les lieux physiques sont en question, de m\u00eame que la maturit\u00e9 digitale, l\u2019adaptation du management et la communication. Les enseignements d\u2019\u00e9tudes de l\u2019Observatoire du travail hybride [&hellip;]<\/p>\n","protected":false},"author":2,"featured_media":9040,"comment_status":"closed","ping_status":"open","sticky":false,"template":"","format":"standard","meta":{"_acf_changed":false,"footnotes":""},"categories":[1],"tags":[],"class_list":["post-8986","post","type-post","status-publish","format-standard","has-post-thumbnail","hentry","category-non-classe"],"acf":[],"yoast_head":"<!-- This site is optimized with the Yoast SEO Premium plugin v26.8 (Yoast SEO v26.8) - https:\/\/yoast.com\/product\/yoast-seo-premium-wordpress\/ -->\n<title>T\u00c9L\u00c9TRAVAIL, MANAGEMENT ET COMMUNICATION : VERS UN NOUVEAU MONDE ? - Arctus<\/title>\n<meta name=\"description\" content=\"T\u00e9l\u00e9travail, management, communication : quels d\u00e9fis pour les entreprises \u00e0 l\u2019\u00e8re du travail hybride ? \u00c9clairage d\u2019experts et \u00e9tudes r\u00e9centes.\" \/>\n<meta name=\"robots\" content=\"index, follow, max-snippet:-1, max-image-preview:large, max-video-preview:-1\" \/>\n<link rel=\"canonical\" href=\"https:\/\/www.arctus.com\/fr\/teletravail-management-communication-nouveau-monde\/\" \/>\n<meta property=\"og:locale\" content=\"fr_FR\" \/>\n<meta property=\"og:type\" content=\"article\" \/>\n<meta property=\"og:title\" content=\"T\u00c9L\u00c9TRAVAIL, MANAGEMENT ET COMMUNICATION : VERS UN NOUVEAU MONDE ?\" \/>\n<meta property=\"og:description\" content=\"T\u00e9l\u00e9travail, management, communication : quels d\u00e9fis pour les entreprises \u00e0 l\u2019\u00e8re du travail hybride ? \u00c9clairage d\u2019experts et \u00e9tudes r\u00e9centes.\" \/>\n<meta property=\"og:url\" content=\"https:\/\/www.arctus.com\/fr\/teletravail-management-communication-nouveau-monde\/\" \/>\n<meta property=\"og:site_name\" content=\"Arctus\" \/>\n<meta property=\"article:published_time\" content=\"2022-12-21T16:51:33+00:00\" \/>\n<meta property=\"article:modified_time\" content=\"2025-07-10T14:09:48+00:00\" \/>\n<meta property=\"og:image\" content=\"https:\/\/www.arctus.com\/wp-content\/uploads\/2022\/12\/Image1.png\" \/>\n\t<meta property=\"og:image:width\" content=\"969\" \/>\n\t<meta property=\"og:image:height\" content=\"553\" \/>\n\t<meta property=\"og:image:type\" content=\"image\/png\" \/>\n<meta name=\"author\" content=\"Arctus\" \/>\n<meta name=\"twitter:card\" content=\"summary_large_image\" \/>\n<meta name=\"twitter:label1\" content=\"\u00c9crit par\" \/>\n\t<meta name=\"twitter:data1\" content=\"Arctus\" \/>\n\t<meta name=\"twitter:label2\" content=\"Dur\u00e9e de lecture estim\u00e9e\" \/>\n\t<meta name=\"twitter:data2\" content=\"11 minutes\" \/>\n<script type=\"application\/ld+json\" class=\"yoast-schema-graph\">{\"@context\":\"https:\/\/schema.org\",\"@graph\":[{\"@type\":\"Article\",\"@id\":\"https:\/\/www.arctus.com\/fr\/teletravail-management-communication-nouveau-monde\/#article\",\"isPartOf\":{\"@id\":\"https:\/\/www.arctus.com\/fr\/teletravail-management-communication-nouveau-monde\/\"},\"author\":{\"name\":\"Arctus\",\"@id\":\"https:\/\/www.arctus.com\/fr\/#\/schema\/person\/efc8a36119e5ddb8c642a03bd0fb948d\"},\"headline\":\"T\u00c9L\u00c9TRAVAIL, MANAGEMENT ET COMMUNICATION : VERS UN NOUVEAU MONDE ?\",\"datePublished\":\"2022-12-21T16:51:33+00:00\",\"dateModified\":\"2025-07-10T14:09:48+00:00\",\"mainEntityOfPage\":{\"@id\":\"https:\/\/www.arctus.com\/fr\/teletravail-management-communication-nouveau-monde\/\"},\"wordCount\":1874,\"publisher\":{\"@id\":\"https:\/\/www.arctus.com\/fr\/#organization\"},\"image\":{\"@id\":\"https:\/\/www.arctus.com\/fr\/teletravail-management-communication-nouveau-monde\/#primaryimage\"},\"thumbnailUrl\":\"https:\/\/www.arctus.com\/wp-content\/uploads\/2022\/12\/Image1.png\",\"inLanguage\":\"fr-FR\"},{\"@type\":\"WebPage\",\"@id\":\"https:\/\/www.arctus.com\/fr\/teletravail-management-communication-nouveau-monde\/\",\"url\":\"https:\/\/www.arctus.com\/fr\/teletravail-management-communication-nouveau-monde\/\",\"name\":\"T\u00c9L\u00c9TRAVAIL, MANAGEMENT ET COMMUNICATION : VERS UN NOUVEAU MONDE ? - Arctus\",\"isPartOf\":{\"@id\":\"https:\/\/www.arctus.com\/fr\/#website\"},\"primaryImageOfPage\":{\"@id\":\"https:\/\/www.arctus.com\/fr\/teletravail-management-communication-nouveau-monde\/#primaryimage\"},\"image\":{\"@id\":\"https:\/\/www.arctus.com\/fr\/teletravail-management-communication-nouveau-monde\/#primaryimage\"},\"thumbnailUrl\":\"https:\/\/www.arctus.com\/wp-content\/uploads\/2022\/12\/Image1.png\",\"datePublished\":\"2022-12-21T16:51:33+00:00\",\"dateModified\":\"2025-07-10T14:09:48+00:00\",\"description\":\"T\u00e9l\u00e9travail, management, communication : quels d\u00e9fis pour les entreprises \u00e0 l\u2019\u00e8re du travail hybride ? \u00c9clairage d\u2019experts et \u00e9tudes r\u00e9centes.\",\"breadcrumb\":{\"@id\":\"https:\/\/www.arctus.com\/fr\/teletravail-management-communication-nouveau-monde\/#breadcrumb\"},\"inLanguage\":\"fr-FR\",\"potentialAction\":[{\"@type\":\"ReadAction\",\"target\":[\"https:\/\/www.arctus.com\/fr\/teletravail-management-communication-nouveau-monde\/\"]}]},{\"@type\":\"ImageObject\",\"inLanguage\":\"fr-FR\",\"@id\":\"https:\/\/www.arctus.com\/fr\/teletravail-management-communication-nouveau-monde\/#primaryimage\",\"url\":\"https:\/\/www.arctus.com\/wp-content\/uploads\/2022\/12\/Image1.png\",\"contentUrl\":\"https:\/\/www.arctus.com\/wp-content\/uploads\/2022\/12\/Image1.png\",\"width\":969,\"height\":553},{\"@type\":\"BreadcrumbList\",\"@id\":\"https:\/\/www.arctus.com\/fr\/teletravail-management-communication-nouveau-monde\/#breadcrumb\",\"itemListElement\":[{\"@type\":\"ListItem\",\"position\":1,\"name\":\"Accueil\",\"item\":\"https:\/\/www.arctus.com\/\"},{\"@type\":\"ListItem\",\"position\":2,\"name\":\"T\u00c9L\u00c9TRAVAIL, MANAGEMENT ET COMMUNICATION : VERS UN NOUVEAU MONDE ?\"}]},{\"@type\":\"WebSite\",\"@id\":\"https:\/\/www.arctus.com\/fr\/#website\",\"url\":\"https:\/\/www.arctus.com\/fr\/\",\"name\":\"Arctus\",\"description\":\"Expert en transformation digitale interne\",\"publisher\":{\"@id\":\"https:\/\/www.arctus.com\/fr\/#organization\"},\"potentialAction\":[{\"@type\":\"SearchAction\",\"target\":{\"@type\":\"EntryPoint\",\"urlTemplate\":\"https:\/\/www.arctus.com\/fr\/?s={search_term_string}\"},\"query-input\":{\"@type\":\"PropertyValueSpecification\",\"valueRequired\":true,\"valueName\":\"search_term_string\"}}],\"inLanguage\":\"fr-FR\"},{\"@type\":\"Organization\",\"@id\":\"https:\/\/www.arctus.com\/fr\/#organization\",\"name\":\"Arctus\",\"url\":\"https:\/\/www.arctus.com\/fr\/\",\"logo\":{\"@type\":\"ImageObject\",\"inLanguage\":\"fr-FR\",\"@id\":\"https:\/\/www.arctus.com\/fr\/#\/schema\/logo\/image\/\",\"url\":\"https:\/\/www.arctus.com\/wp-content\/uploads\/2022\/05\/arctus-logo-menu.png\",\"contentUrl\":\"https:\/\/www.arctus.com\/wp-content\/uploads\/2022\/05\/arctus-logo-menu.png\",\"width\":202,\"height\":66,\"caption\":\"Arctus\"},\"image\":{\"@id\":\"https:\/\/www.arctus.com\/fr\/#\/schema\/logo\/image\/\"},\"sameAs\":[\"https:\/\/www.linkedin.com\/company\/arctus\/\"]},{\"@type\":\"Person\",\"@id\":\"https:\/\/www.arctus.com\/fr\/#\/schema\/person\/efc8a36119e5ddb8c642a03bd0fb948d\",\"name\":\"Arctus\",\"image\":{\"@type\":\"ImageObject\",\"inLanguage\":\"fr-FR\",\"@id\":\"https:\/\/www.arctus.com\/fr\/#\/schema\/person\/image\/\",\"url\":\"https:\/\/secure.gravatar.com\/avatar\/c0ccc06f3f14f151eb563f7a7809730eaedef8f620faf68337676cc507e689ac?s=96&d=mm&r=g\",\"contentUrl\":\"https:\/\/secure.gravatar.com\/avatar\/c0ccc06f3f14f151eb563f7a7809730eaedef8f620faf68337676cc507e689ac?s=96&d=mm&r=g\",\"caption\":\"Arctus\"},\"url\":\"https:\/\/www.arctus.com\/fr\/author\/arctus\/\"}]}<\/script>\n<!-- \/ Yoast SEO Premium plugin. -->","yoast_head_json":{"title":"T\u00c9L\u00c9TRAVAIL, MANAGEMENT ET COMMUNICATION : VERS UN NOUVEAU MONDE ? - Arctus","description":"T\u00e9l\u00e9travail, management, communication : quels d\u00e9fis pour les entreprises \u00e0 l\u2019\u00e8re du travail hybride ? \u00c9clairage d\u2019experts et \u00e9tudes r\u00e9centes.","robots":{"index":"index","follow":"follow","max-snippet":"max-snippet:-1","max-image-preview":"max-image-preview:large","max-video-preview":"max-video-preview:-1"},"canonical":"https:\/\/www.arctus.com\/fr\/teletravail-management-communication-nouveau-monde\/","og_locale":"fr_FR","og_type":"article","og_title":"T\u00c9L\u00c9TRAVAIL, MANAGEMENT ET COMMUNICATION : VERS UN NOUVEAU MONDE ?","og_description":"T\u00e9l\u00e9travail, management, communication : quels d\u00e9fis pour les entreprises \u00e0 l\u2019\u00e8re du travail hybride ? \u00c9clairage d\u2019experts et \u00e9tudes r\u00e9centes.","og_url":"https:\/\/www.arctus.com\/fr\/teletravail-management-communication-nouveau-monde\/","og_site_name":"Arctus","article_published_time":"2022-12-21T16:51:33+00:00","article_modified_time":"2025-07-10T14:09:48+00:00","og_image":[{"width":969,"height":553,"url":"https:\/\/www.arctus.com\/wp-content\/uploads\/2022\/12\/Image1.png","type":"image\/png"}],"author":"Arctus","twitter_card":"summary_large_image","twitter_misc":{"\u00c9crit par":"Arctus","Dur\u00e9e de lecture estim\u00e9e":"11 minutes"},"schema":{"@context":"https:\/\/schema.org","@graph":[{"@type":"Article","@id":"https:\/\/www.arctus.com\/fr\/teletravail-management-communication-nouveau-monde\/#article","isPartOf":{"@id":"https:\/\/www.arctus.com\/fr\/teletravail-management-communication-nouveau-monde\/"},"author":{"name":"Arctus","@id":"https:\/\/www.arctus.com\/fr\/#\/schema\/person\/efc8a36119e5ddb8c642a03bd0fb948d"},"headline":"T\u00c9L\u00c9TRAVAIL, MANAGEMENT ET COMMUNICATION : VERS UN NOUVEAU MONDE ?","datePublished":"2022-12-21T16:51:33+00:00","dateModified":"2025-07-10T14:09:48+00:00","mainEntityOfPage":{"@id":"https:\/\/www.arctus.com\/fr\/teletravail-management-communication-nouveau-monde\/"},"wordCount":1874,"publisher":{"@id":"https:\/\/www.arctus.com\/fr\/#organization"},"image":{"@id":"https:\/\/www.arctus.com\/fr\/teletravail-management-communication-nouveau-monde\/#primaryimage"},"thumbnailUrl":"https:\/\/www.arctus.com\/wp-content\/uploads\/2022\/12\/Image1.png","inLanguage":"fr-FR"},{"@type":"WebPage","@id":"https:\/\/www.arctus.com\/fr\/teletravail-management-communication-nouveau-monde\/","url":"https:\/\/www.arctus.com\/fr\/teletravail-management-communication-nouveau-monde\/","name":"T\u00c9L\u00c9TRAVAIL, MANAGEMENT ET COMMUNICATION : VERS UN NOUVEAU MONDE ? - Arctus","isPartOf":{"@id":"https:\/\/www.arctus.com\/fr\/#website"},"primaryImageOfPage":{"@id":"https:\/\/www.arctus.com\/fr\/teletravail-management-communication-nouveau-monde\/#primaryimage"},"image":{"@id":"https:\/\/www.arctus.com\/fr\/teletravail-management-communication-nouveau-monde\/#primaryimage"},"thumbnailUrl":"https:\/\/www.arctus.com\/wp-content\/uploads\/2022\/12\/Image1.png","datePublished":"2022-12-21T16:51:33+00:00","dateModified":"2025-07-10T14:09:48+00:00","description":"T\u00e9l\u00e9travail, management, communication : quels d\u00e9fis pour les entreprises \u00e0 l\u2019\u00e8re du travail hybride ? \u00c9clairage d\u2019experts et \u00e9tudes r\u00e9centes.","breadcrumb":{"@id":"https:\/\/www.arctus.com\/fr\/teletravail-management-communication-nouveau-monde\/#breadcrumb"},"inLanguage":"fr-FR","potentialAction":[{"@type":"ReadAction","target":["https:\/\/www.arctus.com\/fr\/teletravail-management-communication-nouveau-monde\/"]}]},{"@type":"ImageObject","inLanguage":"fr-FR","@id":"https:\/\/www.arctus.com\/fr\/teletravail-management-communication-nouveau-monde\/#primaryimage","url":"https:\/\/www.arctus.com\/wp-content\/uploads\/2022\/12\/Image1.png","contentUrl":"https:\/\/www.arctus.com\/wp-content\/uploads\/2022\/12\/Image1.png","width":969,"height":553},{"@type":"BreadcrumbList","@id":"https:\/\/www.arctus.com\/fr\/teletravail-management-communication-nouveau-monde\/#breadcrumb","itemListElement":[{"@type":"ListItem","position":1,"name":"Accueil","item":"https:\/\/www.arctus.com\/"},{"@type":"ListItem","position":2,"name":"T\u00c9L\u00c9TRAVAIL, MANAGEMENT ET COMMUNICATION : VERS UN NOUVEAU MONDE ?"}]},{"@type":"WebSite","@id":"https:\/\/www.arctus.com\/fr\/#website","url":"https:\/\/www.arctus.com\/fr\/","name":"Arctus","description":"Expert en transformation digitale interne","publisher":{"@id":"https:\/\/www.arctus.com\/fr\/#organization"},"potentialAction":[{"@type":"SearchAction","target":{"@type":"EntryPoint","urlTemplate":"https:\/\/www.arctus.com\/fr\/?s={search_term_string}"},"query-input":{"@type":"PropertyValueSpecification","valueRequired":true,"valueName":"search_term_string"}}],"inLanguage":"fr-FR"},{"@type":"Organization","@id":"https:\/\/www.arctus.com\/fr\/#organization","name":"Arctus","url":"https:\/\/www.arctus.com\/fr\/","logo":{"@type":"ImageObject","inLanguage":"fr-FR","@id":"https:\/\/www.arctus.com\/fr\/#\/schema\/logo\/image\/","url":"https:\/\/www.arctus.com\/wp-content\/uploads\/2022\/05\/arctus-logo-menu.png","contentUrl":"https:\/\/www.arctus.com\/wp-content\/uploads\/2022\/05\/arctus-logo-menu.png","width":202,"height":66,"caption":"Arctus"},"image":{"@id":"https:\/\/www.arctus.com\/fr\/#\/schema\/logo\/image\/"},"sameAs":["https:\/\/www.linkedin.com\/company\/arctus\/"]},{"@type":"Person","@id":"https:\/\/www.arctus.com\/fr\/#\/schema\/person\/efc8a36119e5ddb8c642a03bd0fb948d","name":"Arctus","image":{"@type":"ImageObject","inLanguage":"fr-FR","@id":"https:\/\/www.arctus.com\/fr\/#\/schema\/person\/image\/","url":"https:\/\/secure.gravatar.com\/avatar\/c0ccc06f3f14f151eb563f7a7809730eaedef8f620faf68337676cc507e689ac?s=96&d=mm&r=g","contentUrl":"https:\/\/secure.gravatar.com\/avatar\/c0ccc06f3f14f151eb563f7a7809730eaedef8f620faf68337676cc507e689ac?s=96&d=mm&r=g","caption":"Arctus"},"url":"https:\/\/www.arctus.com\/fr\/author\/arctus\/"}]}},"_links":{"self":[{"href":"https:\/\/www.arctus.com\/fr\/wp-json\/wp\/v2\/posts\/8986","targetHints":{"allow":["GET"]}}],"collection":[{"href":"https:\/\/www.arctus.com\/fr\/wp-json\/wp\/v2\/posts"}],"about":[{"href":"https:\/\/www.arctus.com\/fr\/wp-json\/wp\/v2\/types\/post"}],"author":[{"embeddable":true,"href":"https:\/\/www.arctus.com\/fr\/wp-json\/wp\/v2\/users\/2"}],"replies":[{"embeddable":true,"href":"https:\/\/www.arctus.com\/fr\/wp-json\/wp\/v2\/comments?post=8986"}],"version-history":[{"count":2,"href":"https:\/\/www.arctus.com\/fr\/wp-json\/wp\/v2\/posts\/8986\/revisions"}],"predecessor-version":[{"id":16027,"href":"https:\/\/www.arctus.com\/fr\/wp-json\/wp\/v2\/posts\/8986\/revisions\/16027"}],"wp:featuredmedia":[{"embeddable":true,"href":"https:\/\/www.arctus.com\/fr\/wp-json\/wp\/v2\/media\/9040"}],"wp:attachment":[{"href":"https:\/\/www.arctus.com\/fr\/wp-json\/wp\/v2\/media?parent=8986"}],"wp:term":[{"taxonomy":"category","embeddable":true,"href":"https:\/\/www.arctus.com\/fr\/wp-json\/wp\/v2\/categories?post=8986"},{"taxonomy":"post_tag","embeddable":true,"href":"https:\/\/www.arctus.com\/fr\/wp-json\/wp\/v2\/tags?post=8986"}],"curies":[{"name":"wp","href":"https:\/\/api.w.org\/{rel}","templated":true}]}}